{"id":35941,"date":"2026-08-31T09:16:12","date_gmt":"2026-08-31T12:16:12","guid":{"rendered":"https:\/\/comunhaoespirita.org.br\/portal\/?p=35941"},"modified":"2026-08-31T09:16:12","modified_gmt":"2026-08-31T12:16:12","slug":"confira-as-apresentacoes-artisticas-da-maces","status":"publish","type":"post","link":"https:\/\/comunhaoespirita.org.br\/portal\/2026\/08\/31\/confira-as-apresentacoes-artisticas-da-maces\/","title":{"rendered":"Confira as apresenta\u00e7\u00f5es art\u00edsticas da MACES"},"content":{"rendered":"<p>A Mostra de Arte e Cultura Esp\u00edrita da Comunh\u00e3o, realizada no \u00faltimo final de semana, foi recheada de apresenta\u00e7\u00f5es de m\u00fasica, poesia, coral e teatro. Se voc\u00ea n\u00e3o p\u00f4de estar presente, assista pela TV Comunh\u00e3o, que transmitiu tudo ao vivo. Acesse os links abaixo e confira:\u00a0<!--more--><\/p>\n<p><iframe title=\"SARAU DA POESIA E ENCERRAMENTO MACES 2026 [MACES 2026]\" width=\"800\" height=\"450\" src=\"https:\/\/www.youtube.com\/embed\/vWbAvzqtGsE?feature=oembed\" frameborder=\"0\" allow=\"accelerometer; autoplay; clipboard-write; encrypted-media; gyroscope; picture-in-picture; web-share\" referrerpolicy=\"strict-origin-when-cross-origin\" allowfullscreen><\/iframe><\/p>\n<p><iframe title=\"Teatro Teens: O Colar da Amizade\" width=\"800\" height=\"450\" src=\"https:\/\/www.youtube.com\/embed\/Z63BbI2IOXA?feature=oembed\" frameborder=\"0\" allow=\"accelerometer; autoplay; clipboard-write; encrypted-media; gyroscope; picture-in-picture; web-share\" referrerpolicy=\"strict-origin-when-cross-origin\" allowfullscreen><\/iframe><\/p>\n<p><iframe title=\"TUDO VIRA OUTRA HIST\u00d3RIA- Grupo PERSONA [PE\u00c7A TEATRAL]\" width=\"800\" height=\"450\" src=\"https:\/\/www.youtube.com\/embed\/pNtvGpDSdy4?feature=oembed\" frameborder=\"0\" allow=\"accelerometer; autoplay; clipboard-write; encrypted-media; gyroscope; picture-in-picture; web-share\" referrerpolicy=\"strict-origin-when-cross-origin\" allowfullscreen><\/iframe><\/p>\n<p><iframe title=\"Apresenta\u00e7\u00e3o M\u00fasical: ESPIRITISMO EM FOCO: VERSOS QUE ILUMINAM A ALMA\" width=\"800\" height=\"450\" src=\"https:\/\/www.youtube.com\/embed\/0V8uGyASkLg?feature=oembed\" frameborder=\"0\" allow=\"accelerometer; autoplay; clipboard-write; encrypted-media; gyroscope; picture-in-picture; web-share\" referrerpolicy=\"strict-origin-when-cross-origin\" allowfullscreen><\/iframe><\/p>\n<p><iframe title=\"O LIBERTADOR DE SONHOS- Grupo PERSONA [PE\u00c7A TEATRAL]\" width=\"800\" height=\"450\" src=\"https:\/\/www.youtube.com\/embed\/5c3KhQbQC3A?feature=oembed\" frameborder=\"0\" allow=\"accelerometer; autoplay; clipboard-write; encrypted-media; gyroscope; picture-in-picture; web-share\" referrerpolicy=\"strict-origin-when-cross-origin\" allowfullscreen><\/iframe><\/p>\n<p><iframe title=\"CORAL ELINHOS DE LUZ E CONTA\u00c7\u00c3O [MACES 2026]\" width=\"800\" height=\"450\" src=\"https:\/\/www.youtube.com\/embed\/xlu5Gdg_n7E?feature=oembed\" frameborder=\"0\" allow=\"accelerometer; autoplay; clipboard-write; encrypted-media; gyroscope; picture-in-picture; web-share\" referrerpolicy=\"strict-origin-when-cross-origin\" allowfullscreen><\/iframe><\/p>\n<p><iframe title=\"A LUZ DA QUARTA FOR\u00c7A - Grupo Teatro VIda [PE\u00c7A TEATRAL]\" width=\"800\" height=\"450\" src=\"https:\/\/www.youtube.com\/embed\/ZaFOE5b1t48?feature=oembed\" frameborder=\"0\" allow=\"accelerometer; autoplay; clipboard-write; encrypted-media; gyroscope; picture-in-picture; web-share\" referrerpolicy=\"strict-origin-when-cross-origin\" allowfullscreen><\/iframe><\/p>\n","protected":false},"excerpt":{"rendered":"<p>A Mostra de Arte e Cultura Esp\u00edrita da Comunh\u00e3o, realizada no \u00faltimo final de semana, foi recheada de apresenta\u00e7\u00f5es de m\u00fasica, poesia, coral e teatro. Se voc\u00ea n\u00e3o p\u00f4de estar [&hellip;]<\/p>\n","protected":false},"author":6,"featured_media":35687,"comment_status":"open","ping_status":"open","sticky":false,"template":"","format":"standard","meta":{"_jetpack_newsletter_access":"","_jetpack_dont_email_post_to_subs":false,"_jetpack_newsletter_tier_id":0,"_jetpack_memberships_contains_paywalled_content":false,"_jetpack_feature_clip_id":0,"_jetpack_memberships_contains_paid_content":false,"footnotes":"","jetpack_publicize_message":"","jetpack_publicize_feature_enabled":true,"jetpack_social_post_already_shared":true,"jetpack_social_options":{"image_generator_settings":{"template":"highway","default_image_id":0,"font":"","enabled":false},"version":2},"jetpack_post_was_ever_published":false,"_members_access_role":[],"_members_access_error":""},"categories":[96,69,71],"tags":[],"class_list":["post-35941","post","type-post","status-publish","format-standard","has-post-thumbnail","hentry","category-arte-e-cultura","category-eventos","category-tv-comunhao"],"jetpack_publicize_connections":[],"jetpack_sharing_enabled":true,"jetpack_featured_media_url":"https:\/\/comunhaoespirita.org.br\/portal\/wp-content\/uploads\/2026\/07\/maces-2026.jpeg","_links":{"self":[{"href":"https:\/\/comunhaoespirita.org.br\/portal\/wp-json\/wp\/v2\/posts\/35941","targetHints":{"allow":["GET"]}}],"collection":[{"href":"https:\/\/comunhaoespirita.org.br\/portal\/wp-json\/wp\/v2\/posts"}],"about":[{"href":"https:\/\/comunhaoespirita.org.br\/portal\/wp-json\/wp\/v2\/types\/post"}],"author":[{"embeddable":true,"href":"https:\/\/comunhaoespirita.org.br\/portal\/wp-json\/wp\/v2\/users\/6"}],"replies":[{"embeddable":true,"href":"https:\/\/comunhaoespirita.org.br\/portal\/wp-json\/wp\/v2\/comments?post=35941"}],"version-history":[{"count":1,"href":"https:\/\/comunhaoespirita.org.br\/portal\/wp-json\/wp\/v2\/posts\/35941\/revisions"}],"predecessor-version":[{"id":35942,"href":"https:\/\/comunhaoespirita.org.br\/portal\/wp-json\/wp\/v2\/posts\/35941\/revisions\/35942"}],"wp:featuredmedia":[{"embeddable":true,"href":"https:\/\/comunhaoespirita.org.br\/portal\/wp-json\/wp\/v2\/media\/35687"}],"wp:attachment":[{"href":"https:\/\/comunhaoespirita.org.br\/portal\/wp-json\/wp\/v2\/media?parent=35941"}],"wp:term":[{"taxonomy":"category","embeddable":true,"href":"https:\/\/comunhaoespirita.org.br\/portal\/wp-json\/wp\/v2\/categories?post=35941"},{"taxonomy":"post_tag","embeddable":true,"href":"https:\/\/comunhaoespirita.org.br\/portal\/wp-json\/wp\/v2\/tags?post=35941"}],"curies":[{"name":"wp","href":"https:\/\/api.w.org\/{rel}","templated":true}]}}