{"id":34914,"date":"2026-04-30T14:24:19","date_gmt":"2026-04-30T17:24:19","guid":{"rendered":"https:\/\/comunhaoespirita.org.br\/portal\/?p=34914"},"modified":"2026-04-30T14:24:19","modified_gmt":"2026-04-30T17:24:19","slug":"papo-espirita-traz-os-temas-do-amor-e-da-sintonia-espiritual","status":"publish","type":"post","link":"https:\/\/comunhaoespirita.org.br\/portal\/2026\/04\/30\/papo-espirita-traz-os-temas-do-amor-e-da-sintonia-espiritual\/","title":{"rendered":"Papo Esp\u00edrita traz os temas do amor e da sintonia espiritual"},"content":{"rendered":"<p><strong>O que \u00e9 amar?<\/strong>, com a convidada Roberta Assis, e <strong>Podem os esp\u00edritos penetrar em nossos pensamentos?<\/strong>, com o palestrante Elizi\u00e1rio Leit\u00e3o, s\u00e3o os temas dos dois \u00faltimos programas Papo Esp\u00edrita, o podcast da TV Comunh\u00e3o que re\u00fane temas do cotidiano, da psicologia, da medicina, entre outros, a partir da vis\u00e3o esp\u00edrita.<\/p>\n<p><!--more--><\/p>\n<p>Assista aos programas e reflita, com os convidados e a equipe do programa.<\/p>\n<p><iframe title=\"O QUE \u00c9 AMAR? - Roberta Assis [Papo Espi\u0301rita #423]\" width=\"800\" height=\"450\" src=\"https:\/\/www.youtube.com\/embed\/NnGX-OP2p5k?feature=oembed\" frameborder=\"0\" allow=\"accelerometer; autoplay; clipboard-write; encrypted-media; gyroscope; picture-in-picture; web-share\" referrerpolicy=\"strict-origin-when-cross-origin\" allowfullscreen><\/iframe><\/p>\n<p><iframe title=\"PODEM OS ESP\u00cdRITOS PENETRAR EM NOSSOS PENSAMENTOS? - Elizi\u00e1rio Leit\u00e3o [Papo Espi\u0301rita #422]\" width=\"800\" height=\"450\" src=\"https:\/\/www.youtube.com\/embed\/MaJVigwPVuw?feature=oembed\" frameborder=\"0\" allow=\"accelerometer; autoplay; clipboard-write; encrypted-media; gyroscope; picture-in-picture; web-share\" referrerpolicy=\"strict-origin-when-cross-origin\" allowfullscreen><\/iframe><\/p>\n<p>&nbsp;<\/p>\n","protected":false},"excerpt":{"rendered":"<p>O que \u00e9 amar?, com a convidada Roberta Assis, e Podem os esp\u00edritos penetrar em nossos pensamentos?, com o palestrante Elizi\u00e1rio Leit\u00e3o, s\u00e3o os temas dos dois \u00faltimos programas Papo [&hellip;]<\/p>\n","protected":false},"author":6,"featured_media":34916,"comment_status":"open","ping_status":"open","sticky":false,"template":"","format":"standard","meta":{"_jetpack_memberships_contains_paid_content":false,"footnotes":"","jetpack_publicize_message":"","jetpack_publicize_feature_enabled":true,"jetpack_social_post_already_shared":true,"jetpack_social_options":{"image_generator_settings":{"template":"highway","default_image_id":0,"font":"","enabled":false},"version":2}},"categories":[83,71],"tags":[],"class_list":["post-34914","post","type-post","status-publish","format-standard","has-post-thumbnail","hentry","category-educacao-espirita","category-tv-comunhao"],"jetpack_publicize_connections":[],"jetpack_featured_media_url":"https:\/\/comunhaoespirita.org.br\/portal\/wp-content\/uploads\/2026\/04\/Papo-espirita-podem-os-espiritos-penetrar-em-nossos-pensamentos.jpeg","jetpack_sharing_enabled":true,"_links":{"self":[{"href":"https:\/\/comunhaoespirita.org.br\/portal\/wp-json\/wp\/v2\/posts\/34914","targetHints":{"allow":["GET"]}}],"collection":[{"href":"https:\/\/comunhaoespirita.org.br\/portal\/wp-json\/wp\/v2\/posts"}],"about":[{"href":"https:\/\/comunhaoespirita.org.br\/portal\/wp-json\/wp\/v2\/types\/post"}],"author":[{"embeddable":true,"href":"https:\/\/comunhaoespirita.org.br\/portal\/wp-json\/wp\/v2\/users\/6"}],"replies":[{"embeddable":true,"href":"https:\/\/comunhaoespirita.org.br\/portal\/wp-json\/wp\/v2\/comments?post=34914"}],"version-history":[{"count":1,"href":"https:\/\/comunhaoespirita.org.br\/portal\/wp-json\/wp\/v2\/posts\/34914\/revisions"}],"predecessor-version":[{"id":34917,"href":"https:\/\/comunhaoespirita.org.br\/portal\/wp-json\/wp\/v2\/posts\/34914\/revisions\/34917"}],"wp:featuredmedia":[{"embeddable":true,"href":"https:\/\/comunhaoespirita.org.br\/portal\/wp-json\/wp\/v2\/media\/34916"}],"wp:attachment":[{"href":"https:\/\/comunhaoespirita.org.br\/portal\/wp-json\/wp\/v2\/media?parent=34914"}],"wp:term":[{"taxonomy":"category","embeddable":true,"href":"https:\/\/comunhaoespirita.org.br\/portal\/wp-json\/wp\/v2\/categories?post=34914"},{"taxonomy":"post_tag","embeddable":true,"href":"https:\/\/comunhaoespirita.org.br\/portal\/wp-json\/wp\/v2\/tags?post=34914"}],"curies":[{"name":"wp","href":"https:\/\/api.w.org\/{rel}","templated":true}]}}