{"id":34536,"date":"2026-03-10T15:48:36","date_gmt":"2026-03-10T18:48:36","guid":{"rendered":"https:\/\/comunhaoespirita.org.br\/portal\/?p=34536"},"modified":"2026-03-10T15:48:36","modified_gmt":"2026-03-10T18:48:36","slug":"temas-da-bioetica-espirita-farao-parte-de-roda-de-conversa-com-a-mocidade","status":"publish","type":"post","link":"https:\/\/comunhaoespirita.org.br\/portal\/2026\/03\/10\/temas-da-bioetica-espirita-farao-parte-de-roda-de-conversa-com-a-mocidade\/","title":{"rendered":"Temas da bio\u00e9tica esp\u00edrita far\u00e3o parte de Roda de Conversa com a Mocidade"},"content":{"rendered":"<p>Fertiliza\u00e7\u00e3o in vitro, eutan\u00e1sia, direito \u00e0 vida e outras quest\u00f5es importantes no campo da bio\u00e9tica ser\u00e3o tema da Roda de Conversa com a Mocidade Esp\u00edrita da Comunh\u00e3o no dia 14 de mar\u00e7o, \u00e0s 17h, com o m\u00e9dico convidado Dr. Jos\u00e9 Roberto Santos. O evento \u00e9 promovido pela Associa\u00e7\u00e3o M\u00e9dico-Esp\u00edrita do DF.<\/p>\n<p><!--more--><\/p>\n<p>Dr. Jos\u00e9 Roberto \u00e9 membro da AME do Esp\u00edrito Santo e da AME-Brasil. A Roda de Conversa ser\u00e1 realizada no terceiro andar da sede da Comunh\u00e3o, e est\u00e1 aberta a interessados.<\/p>\n<p><img fetchpriority=\"high\" decoding=\"async\" class=\"alignnone wp-image-34537 size-full\" src=\"https:\/\/comunhaoespirita.org.br\/portal\/wp-content\/uploads\/2026\/03\/ame-df-bioetica.jpeg\" alt=\"\" width=\"1179\" height=\"1229\" srcset=\"https:\/\/comunhaoespirita.org.br\/portal\/wp-content\/uploads\/2026\/03\/ame-df-bioetica.jpeg 1179w, https:\/\/comunhaoespirita.org.br\/portal\/wp-content\/uploads\/2026\/03\/ame-df-bioetica-288x300.jpeg 288w, https:\/\/comunhaoespirita.org.br\/portal\/wp-content\/uploads\/2026\/03\/ame-df-bioetica-144x150.jpeg 144w, https:\/\/comunhaoespirita.org.br\/portal\/wp-content\/uploads\/2026\/03\/ame-df-bioetica-768x801.jpeg 768w\" sizes=\"(max-width: 1179px) 100vw, 1179px\" \/><\/p>\n<p>&nbsp;<\/p>\n","protected":false},"excerpt":{"rendered":"<p>Fertiliza\u00e7\u00e3o in vitro, eutan\u00e1sia, direito \u00e0 vida e outras quest\u00f5es importantes no campo da bio\u00e9tica ser\u00e3o tema da Roda de Conversa com a Mocidade Esp\u00edrita da Comunh\u00e3o no dia 14 [&hellip;]<\/p>\n","protected":false},"author":6,"featured_media":34537,"comment_status":"open","ping_status":"open","sticky":false,"template":"","format":"standard","meta":{"_jetpack_memberships_contains_paid_content":false,"footnotes":"","jetpack_publicize_message":"","jetpack_publicize_feature_enabled":true,"jetpack_social_post_already_shared":true,"jetpack_social_options":{"image_generator_settings":{"template":"highway","default_image_id":0,"font":"","enabled":false},"version":2}},"categories":[83,69,65,72],"tags":[],"class_list":["post-34536","post","type-post","status-publish","format-standard","has-post-thumbnail","hentry","category-educacao-espirita","category-eventos","category-movimento-espirita","category-palestras"],"jetpack_publicize_connections":[],"jetpack_featured_media_url":"https:\/\/comunhaoespirita.org.br\/portal\/wp-content\/uploads\/2026\/03\/ame-df-bioetica.jpeg","jetpack_sharing_enabled":true,"_links":{"self":[{"href":"https:\/\/comunhaoespirita.org.br\/portal\/wp-json\/wp\/v2\/posts\/34536","targetHints":{"allow":["GET"]}}],"collection":[{"href":"https:\/\/comunhaoespirita.org.br\/portal\/wp-json\/wp\/v2\/posts"}],"about":[{"href":"https:\/\/comunhaoespirita.org.br\/portal\/wp-json\/wp\/v2\/types\/post"}],"author":[{"embeddable":true,"href":"https:\/\/comunhaoespirita.org.br\/portal\/wp-json\/wp\/v2\/users\/6"}],"replies":[{"embeddable":true,"href":"https:\/\/comunhaoespirita.org.br\/portal\/wp-json\/wp\/v2\/comments?post=34536"}],"version-history":[{"count":1,"href":"https:\/\/comunhaoespirita.org.br\/portal\/wp-json\/wp\/v2\/posts\/34536\/revisions"}],"predecessor-version":[{"id":34538,"href":"https:\/\/comunhaoespirita.org.br\/portal\/wp-json\/wp\/v2\/posts\/34536\/revisions\/34538"}],"wp:featuredmedia":[{"embeddable":true,"href":"https:\/\/comunhaoespirita.org.br\/portal\/wp-json\/wp\/v2\/media\/34537"}],"wp:attachment":[{"href":"https:\/\/comunhaoespirita.org.br\/portal\/wp-json\/wp\/v2\/media?parent=34536"}],"wp:term":[{"taxonomy":"category","embeddable":true,"href":"https:\/\/comunhaoespirita.org.br\/portal\/wp-json\/wp\/v2\/categories?post=34536"},{"taxonomy":"post_tag","embeddable":true,"href":"https:\/\/comunhaoespirita.org.br\/portal\/wp-json\/wp\/v2\/tags?post=34536"}],"curies":[{"name":"wp","href":"https:\/\/api.w.org\/{rel}","templated":true}]}}