{"id":34531,"date":"2026-03-09T13:25:49","date_gmt":"2026-03-09T16:25:49","guid":{"rendered":"https:\/\/comunhaoespirita.org.br\/portal\/?p=34531"},"modified":"2026-03-09T13:26:07","modified_gmt":"2026-03-09T16:26:07","slug":"9-de-marco-desencarne-de-yvone-do-amaral-pereira","status":"publish","type":"post","link":"https:\/\/comunhaoespirita.org.br\/portal\/2026\/03\/09\/9-de-marco-desencarne-de-yvone-do-amaral-pereira\/","title":{"rendered":"9 de mar\u00e7o: desencarne de Yvone do Amaral Pereira"},"content":{"rendered":"<div id=\"sdh_SfOuaf2TNZOi1sQPxNDYyQg_11\">Hoje \u00e9 o anivers\u00e1rio doo desencarne de Yvone do Amaral Pereira, uma das mais importantes m\u00e9diuns e escritoras esp\u00edritas brasileiras. Nascida no RJ, psicografou obras cl\u00e1ssicas como Mem\u00f3rias de um Suicida (ditado por Camilo Castelo Branco), destacando-se pela profundidade doutrin\u00e1ria, vid\u00eancia e trabalhos de desobsess\u00e3o. Teve uma inf\u00e2ncia marcada por fen\u00f4menos medi\u00fanicos.<\/div>\n<p><!--more--><\/p>\n<div id=\"sdh_SfOuaf2TNZOi1sQPxNDYyQg_14\">\n<div class=\"Y3BBE\" data-sfc-cp=\"\" data-sfc-cb=\"\" data-hveid=\"CAEIAxAA\">\n<p><strong>Biografia<\/strong>:<\/p>\n<p>Nascimento e Vida:\u00a0Nasceu em 24 de dezembro de 1900, em Rio das Flores (RJ), e desencarnou no Rio de Janeiro em 9 de mar\u00e7o de 1984. Trabalhou como costureira e dedicou-se integralmente ao Espiritismo, mantendo-se solteira.<\/p>\n<p>Mediunidade: Apresentou vid\u00eancia e audi\u00e7\u00e3o de esp\u00edritos desde os 4 anos de idade. Teve experi\u00eancias de catalepsia (quase morte) ao nascer. Atuou com psicografia, psicofonia, receitu\u00e1rio homeop\u00e1tico e passes.<\/p>\n<p><strong>Obras Medi\u00fanicas<\/strong>: Psicografou cerca de 20 obras, sendo as mais not\u00e1veis:\u00a0Mem\u00f3rias de um Suicida (Camilo Castelo Branco),\u00a0Nas Voragens do Pecado (Roberto de Canalerras\/Charles),\u00a0Recorda\u00e7\u00f5es da Mediunidade (autobiogr\u00e1fico\/orienta\u00e7\u00e3o) e\u00a0Dramas da Obsess\u00e3o.<\/p>\n<p><strong>Legado<\/strong>: Sua obra \u00e9 marcada pela fidelidade \u00e0 Doutrina Esp\u00edrita e por relatos minuciosos da vida no plano espiritual, sendo comparada em import\u00e2ncia a Chico Xavier.<\/p>\n<p>&nbsp;<\/p>\n<p>&nbsp;<\/p>\n<\/div>\n<\/div>\n","protected":false},"excerpt":{"rendered":"<p>Hoje \u00e9 o anivers\u00e1rio doo desencarne de Yvone do Amaral Pereira, uma das mais importantes m\u00e9diuns e escritoras esp\u00edritas brasileiras. Nascida no RJ, psicografou obras cl\u00e1ssicas como Mem\u00f3rias de um [&hellip;]<\/p>\n","protected":false},"author":6,"featured_media":34532,"comment_status":"open","ping_status":"open","sticky":false,"template":"","format":"standard","meta":{"_jetpack_memberships_contains_paid_content":false,"footnotes":"","jetpack_publicize_message":"","jetpack_publicize_feature_enabled":true,"jetpack_social_post_already_shared":true,"jetpack_social_options":{"image_generator_settings":{"template":"highway","default_image_id":0,"font":"","enabled":false},"version":2}},"categories":[67,64],"tags":[],"class_list":["post-34531","post","type-post","status-publish","format-standard","has-post-thumbnail","hentry","category-historia","category-livros"],"jetpack_publicize_connections":[],"jetpack_featured_media_url":"https:\/\/comunhaoespirita.org.br\/portal\/wp-content\/uploads\/2026\/03\/yvone.jpeg","jetpack_sharing_enabled":true,"_links":{"self":[{"href":"https:\/\/comunhaoespirita.org.br\/portal\/wp-json\/wp\/v2\/posts\/34531","targetHints":{"allow":["GET"]}}],"collection":[{"href":"https:\/\/comunhaoespirita.org.br\/portal\/wp-json\/wp\/v2\/posts"}],"about":[{"href":"https:\/\/comunhaoespirita.org.br\/portal\/wp-json\/wp\/v2\/types\/post"}],"author":[{"embeddable":true,"href":"https:\/\/comunhaoespirita.org.br\/portal\/wp-json\/wp\/v2\/users\/6"}],"replies":[{"embeddable":true,"href":"https:\/\/comunhaoespirita.org.br\/portal\/wp-json\/wp\/v2\/comments?post=34531"}],"version-history":[{"count":2,"href":"https:\/\/comunhaoespirita.org.br\/portal\/wp-json\/wp\/v2\/posts\/34531\/revisions"}],"predecessor-version":[{"id":34534,"href":"https:\/\/comunhaoespirita.org.br\/portal\/wp-json\/wp\/v2\/posts\/34531\/revisions\/34534"}],"wp:featuredmedia":[{"embeddable":true,"href":"https:\/\/comunhaoespirita.org.br\/portal\/wp-json\/wp\/v2\/media\/34532"}],"wp:attachment":[{"href":"https:\/\/comunhaoespirita.org.br\/portal\/wp-json\/wp\/v2\/media?parent=34531"}],"wp:term":[{"taxonomy":"category","embeddable":true,"href":"https:\/\/comunhaoespirita.org.br\/portal\/wp-json\/wp\/v2\/categories?post=34531"},{"taxonomy":"post_tag","embeddable":true,"href":"https:\/\/comunhaoespirita.org.br\/portal\/wp-json\/wp\/v2\/tags?post=34531"}],"curies":[{"name":"wp","href":"https:\/\/api.w.org\/{rel}","templated":true}]}}