{"id":34515,"date":"2026-03-07T11:33:08","date_gmt":"2026-03-07T14:33:08","guid":{"rendered":"https:\/\/comunhaoespirita.org.br\/portal\/?p=34515"},"modified":"2026-03-07T11:33:08","modified_gmt":"2026-03-07T14:33:08","slug":"qual-o-papel-do-perispirito-na-nossa-saude-ou-doenca","status":"publish","type":"post","link":"https:\/\/comunhaoespirita.org.br\/portal\/2026\/03\/07\/qual-o-papel-do-perispirito-na-nossa-saude-ou-doenca\/","title":{"rendered":"Qual o papel do perisp\u00edrito na nossa sa\u00fade ou doen\u00e7a?"},"content":{"rendered":"<p>Esse questionamento \u00e9 respondido pela m\u00e9dica e presidente da AME-DF Dra Fab\u00edola Zanetti no Papo Esp\u00edrita desta semana. Al\u00e9m de explicar como \u00e9 formado o perisp\u00edrito, suas caracter\u00edsticas e propriedades, a convidada nos explica como pensamentos e atitudes atuam sobre o esp\u00edrito, que\u00a0 por sua vez atua no perisp\u00edrito, propiciando o surgimento de doen\u00e7as.<\/p>\n<p><!--more--><\/p>\n<p>Venha conhecer os detalhes dessa fundamental mat\u00e9ria que nos liga ao nosso esp\u00edrito e nos acompanha no mundo espiritual, guardando todas as impress\u00f5es de cada encarna\u00e7\u00e3o.<\/p>\n<p><iframe title=\"COMO O PERISP\u00cdRITO ATUA NA SA\u00daDE E NA DOEN\u00c7A? -  Dra. Fab\u00edola [Papo Espi\u0301rita #416]\" width=\"800\" height=\"450\" src=\"https:\/\/www.youtube.com\/embed\/Hf718fPFxGg?feature=oembed\" frameborder=\"0\" allow=\"accelerometer; autoplay; clipboard-write; encrypted-media; gyroscope; picture-in-picture; web-share\" referrerpolicy=\"strict-origin-when-cross-origin\" allowfullscreen><\/iframe><\/p>\n","protected":false},"excerpt":{"rendered":"<p>Esse questionamento \u00e9 respondido pela m\u00e9dica e presidente da AME-DF Dra Fab\u00edola Zanetti no Papo Esp\u00edrita desta semana. Al\u00e9m de explicar como \u00e9 formado o perisp\u00edrito, suas caracter\u00edsticas e propriedades, [&hellip;]<\/p>\n","protected":false},"author":6,"featured_media":34516,"comment_status":"open","ping_status":"open","sticky":false,"template":"","format":"standard","meta":{"_jetpack_memberships_contains_paid_content":false,"footnotes":"","jetpack_publicize_message":"","jetpack_publicize_feature_enabled":true,"jetpack_social_post_already_shared":true,"jetpack_social_options":{"image_generator_settings":{"template":"highway","default_image_id":0,"font":"","enabled":false},"version":2}},"categories":[71],"tags":[],"class_list":["post-34515","post","type-post","status-publish","format-standard","has-post-thumbnail","hentry","category-tv-comunhao"],"jetpack_publicize_connections":[],"jetpack_featured_media_url":"https:\/\/comunhaoespirita.org.br\/portal\/wp-content\/uploads\/2026\/03\/papo-espirita-como-o-perispirito-atua-na-doenca-e-na-saude.jpeg","jetpack_sharing_enabled":true,"_links":{"self":[{"href":"https:\/\/comunhaoespirita.org.br\/portal\/wp-json\/wp\/v2\/posts\/34515","targetHints":{"allow":["GET"]}}],"collection":[{"href":"https:\/\/comunhaoespirita.org.br\/portal\/wp-json\/wp\/v2\/posts"}],"about":[{"href":"https:\/\/comunhaoespirita.org.br\/portal\/wp-json\/wp\/v2\/types\/post"}],"author":[{"embeddable":true,"href":"https:\/\/comunhaoespirita.org.br\/portal\/wp-json\/wp\/v2\/users\/6"}],"replies":[{"embeddable":true,"href":"https:\/\/comunhaoespirita.org.br\/portal\/wp-json\/wp\/v2\/comments?post=34515"}],"version-history":[{"count":1,"href":"https:\/\/comunhaoespirita.org.br\/portal\/wp-json\/wp\/v2\/posts\/34515\/revisions"}],"predecessor-version":[{"id":34517,"href":"https:\/\/comunhaoespirita.org.br\/portal\/wp-json\/wp\/v2\/posts\/34515\/revisions\/34517"}],"wp:featuredmedia":[{"embeddable":true,"href":"https:\/\/comunhaoespirita.org.br\/portal\/wp-json\/wp\/v2\/media\/34516"}],"wp:attachment":[{"href":"https:\/\/comunhaoespirita.org.br\/portal\/wp-json\/wp\/v2\/media?parent=34515"}],"wp:term":[{"taxonomy":"category","embeddable":true,"href":"https:\/\/comunhaoespirita.org.br\/portal\/wp-json\/wp\/v2\/categories?post=34515"},{"taxonomy":"post_tag","embeddable":true,"href":"https:\/\/comunhaoespirita.org.br\/portal\/wp-json\/wp\/v2\/tags?post=34515"}],"curies":[{"name":"wp","href":"https:\/\/api.w.org\/{rel}","templated":true}]}}