{"id":34503,"date":"2026-03-02T13:38:29","date_gmt":"2026-03-02T16:38:29","guid":{"rendered":"https:\/\/comunhaoespirita.org.br\/portal\/?p=34503"},"modified":"2026-03-02T13:38:29","modified_gmt":"2026-03-02T16:38:29","slug":"pinga-fogo-fala-sobre-o-mundo-dos-espiritos","status":"publish","type":"post","link":"https:\/\/comunhaoespirita.org.br\/portal\/2026\/03\/02\/pinga-fogo-fala-sobre-o-mundo-dos-espiritos\/","title":{"rendered":"Pinga Fogo fala sobre o mundo dos esp\u00edritos"},"content":{"rendered":"<p>O que \u00e9 a imortalidade da alma?\u00a0Por que a ci\u00eancia moderna n\u00e3o consegue representar nem explicar o mundo dos esp\u00edritos?\u00a0O que s\u00e3o os esp\u00edritos?\u00a0H\u00e1 esp\u00edritos? Essas e outras quest\u00f5es s\u00e3o respondidas por Denizard de Souza &#8211;\u00a0 psic\u00f3logo, cientista pol\u00edtico, escritor e palestrante &#8211; no projeto Pinga Fogo de fevereiro, na Comunh\u00e3o.<\/p>\n<p><!--more--><\/p>\n<p>Assista \u00e0 palestra e acompanhe as reflex\u00f5es baseadas em O Livro dos M\u00e9diuns.<\/p>\n<p><iframe title=\"H\u00c1 ESP\u00cdRITOS? - Denizard de Souza [PINGA LUZ]\" width=\"800\" height=\"450\" src=\"https:\/\/www.youtube.com\/embed\/MdmJoaQ0038?feature=oembed\" frameborder=\"0\" allow=\"accelerometer; autoplay; clipboard-write; encrypted-media; gyroscope; picture-in-picture; web-share\" referrerpolicy=\"strict-origin-when-cross-origin\" allowfullscreen><\/iframe><\/p>\n","protected":false},"excerpt":{"rendered":"<p>O que \u00e9 a imortalidade da alma?\u00a0Por que a ci\u00eancia moderna n\u00e3o consegue representar nem explicar o mundo dos esp\u00edritos?\u00a0O que s\u00e3o os esp\u00edritos?\u00a0H\u00e1 esp\u00edritos? Essas e outras quest\u00f5es s\u00e3o [&hellip;]<\/p>\n","protected":false},"author":6,"featured_media":10553,"comment_status":"open","ping_status":"open","sticky":false,"template":"","format":"standard","meta":{"_jetpack_memberships_contains_paid_content":false,"footnotes":"","jetpack_publicize_message":"","jetpack_publicize_feature_enabled":true,"jetpack_social_post_already_shared":true,"jetpack_social_options":{"image_generator_settings":{"template":"highway","default_image_id":0,"font":"","enabled":false},"version":2}},"categories":[83,69,72],"tags":[],"class_list":["post-34503","post","type-post","status-publish","format-standard","has-post-thumbnail","hentry","category-educacao-espirita","category-eventos","category-palestras"],"jetpack_publicize_connections":[],"jetpack_featured_media_url":"https:\/\/comunhaoespirita.org.br\/portal\/wp-content\/uploads\/2021\/10\/denizard.jpg","jetpack_sharing_enabled":true,"_links":{"self":[{"href":"https:\/\/comunhaoespirita.org.br\/portal\/wp-json\/wp\/v2\/posts\/34503","targetHints":{"allow":["GET"]}}],"collection":[{"href":"https:\/\/comunhaoespirita.org.br\/portal\/wp-json\/wp\/v2\/posts"}],"about":[{"href":"https:\/\/comunhaoespirita.org.br\/portal\/wp-json\/wp\/v2\/types\/post"}],"author":[{"embeddable":true,"href":"https:\/\/comunhaoespirita.org.br\/portal\/wp-json\/wp\/v2\/users\/6"}],"replies":[{"embeddable":true,"href":"https:\/\/comunhaoespirita.org.br\/portal\/wp-json\/wp\/v2\/comments?post=34503"}],"version-history":[{"count":1,"href":"https:\/\/comunhaoespirita.org.br\/portal\/wp-json\/wp\/v2\/posts\/34503\/revisions"}],"predecessor-version":[{"id":34504,"href":"https:\/\/comunhaoespirita.org.br\/portal\/wp-json\/wp\/v2\/posts\/34503\/revisions\/34504"}],"wp:featuredmedia":[{"embeddable":true,"href":"https:\/\/comunhaoespirita.org.br\/portal\/wp-json\/wp\/v2\/media\/10553"}],"wp:attachment":[{"href":"https:\/\/comunhaoespirita.org.br\/portal\/wp-json\/wp\/v2\/media?parent=34503"}],"wp:term":[{"taxonomy":"category","embeddable":true,"href":"https:\/\/comunhaoespirita.org.br\/portal\/wp-json\/wp\/v2\/categories?post=34503"},{"taxonomy":"post_tag","embeddable":true,"href":"https:\/\/comunhaoespirita.org.br\/portal\/wp-json\/wp\/v2\/tags?post=34503"}],"curies":[{"name":"wp","href":"https:\/\/api.w.org\/{rel}","templated":true}]}}