{"id":34363,"date":"2026-03-02T13:40:40","date_gmt":"2026-03-02T16:40:40","guid":{"rendered":"https:\/\/comunhaoespirita.org.br\/portal\/?p=34363"},"modified":"2026-03-02T13:42:36","modified_gmt":"2026-03-02T16:42:36","slug":"teatro-vida-apresenta-musical-sobre-chico-xavier-no-teatro-nacional","status":"publish","type":"post","link":"https:\/\/comunhaoespirita.org.br\/portal\/2026\/03\/02\/teatro-vida-apresenta-musical-sobre-chico-xavier-no-teatro-nacional\/","title":{"rendered":"J\u00e1 comprou seu ingresso para o musical sobre Chico Xavier no Teatro Nacional?"},"content":{"rendered":"<p>Com bilheteria aberta pelo Sympla, o musical Chico Xavier: o anjo das escritas iluminadas ser\u00e1 apresentado na Sala Martins Pena do Teatro Nacional nos dias 13, 14 e 15 de mar\u00e7o. N\u00e3o deixe para adquirir seu ingresso na \u00faltima hora. A apresenta\u00e7\u00e3o \u00e9 \u00fanica e imperd\u00edvel.<\/p>\n<p><!--more--> A pe\u00e7a \u00e9 encenada pelo Teatro Vida. Assista ao v\u00eddeo abaixo e conhe\u00e7a mais sobre o musical.<\/p>\n<p><iframe title=\"ABERTURA DA BILHETERIA DO MUSICAL CHICO XAVIER\" width=\"800\" height=\"450\" src=\"https:\/\/www.youtube.com\/embed\/zXwQPycrP94?start=1&#038;feature=oembed\" frameborder=\"0\" allow=\"accelerometer; autoplay; clipboard-write; encrypted-media; gyroscope; picture-in-picture; web-share\" referrerpolicy=\"strict-origin-when-cross-origin\" allowfullscreen><\/iframe><\/p>\n","protected":false},"excerpt":{"rendered":"<p>Com bilheteria aberta pelo Sympla, o musical Chico Xavier: o anjo das escritas iluminadas ser\u00e1 apresentado na Sala Martins Pena do Teatro Nacional nos dias 13, 14 e 15 de [&hellip;]<\/p>\n","protected":false},"author":6,"featured_media":34350,"comment_status":"open","ping_status":"open","sticky":false,"template":"","format":"standard","meta":{"_jetpack_memberships_contains_paid_content":false,"footnotes":"","jetpack_publicize_message":"","jetpack_publicize_feature_enabled":true,"jetpack_social_post_already_shared":true,"jetpack_social_options":{"image_generator_settings":{"template":"highway","default_image_id":0,"font":"","enabled":false},"version":2}},"categories":[96,69],"tags":[],"class_list":["post-34363","post","type-post","status-publish","format-standard","has-post-thumbnail","hentry","category-arte-e-cultura","category-eventos"],"jetpack_publicize_connections":[],"jetpack_featured_media_url":"https:\/\/comunhaoespirita.org.br\/portal\/wp-content\/uploads\/2026\/02\/Peca-Chico-Xavier-Cartaz-18FEV26.jpeg","jetpack_sharing_enabled":true,"_links":{"self":[{"href":"https:\/\/comunhaoespirita.org.br\/portal\/wp-json\/wp\/v2\/posts\/34363","targetHints":{"allow":["GET"]}}],"collection":[{"href":"https:\/\/comunhaoespirita.org.br\/portal\/wp-json\/wp\/v2\/posts"}],"about":[{"href":"https:\/\/comunhaoespirita.org.br\/portal\/wp-json\/wp\/v2\/types\/post"}],"author":[{"embeddable":true,"href":"https:\/\/comunhaoespirita.org.br\/portal\/wp-json\/wp\/v2\/users\/6"}],"replies":[{"embeddable":true,"href":"https:\/\/comunhaoespirita.org.br\/portal\/wp-json\/wp\/v2\/comments?post=34363"}],"version-history":[{"count":3,"href":"https:\/\/comunhaoespirita.org.br\/portal\/wp-json\/wp\/v2\/posts\/34363\/revisions"}],"predecessor-version":[{"id":34506,"href":"https:\/\/comunhaoespirita.org.br\/portal\/wp-json\/wp\/v2\/posts\/34363\/revisions\/34506"}],"wp:featuredmedia":[{"embeddable":true,"href":"https:\/\/comunhaoespirita.org.br\/portal\/wp-json\/wp\/v2\/media\/34350"}],"wp:attachment":[{"href":"https:\/\/comunhaoespirita.org.br\/portal\/wp-json\/wp\/v2\/media?parent=34363"}],"wp:term":[{"taxonomy":"category","embeddable":true,"href":"https:\/\/comunhaoespirita.org.br\/portal\/wp-json\/wp\/v2\/categories?post=34363"},{"taxonomy":"post_tag","embeddable":true,"href":"https:\/\/comunhaoespirita.org.br\/portal\/wp-json\/wp\/v2\/tags?post=34363"}],"curies":[{"name":"wp","href":"https:\/\/api.w.org\/{rel}","templated":true}]}}