{"id":18360,"date":"2023-02-12T12:52:54","date_gmt":"2023-02-12T15:52:54","guid":{"rendered":"https:\/\/comunhaoespirita.org.br\/portal\/?p=18360"},"modified":"2023-02-12T12:52:54","modified_gmt":"2023-02-12T15:52:54","slug":"sera-que-os-espiritos-reencarnados-se-reconhecem","status":"publish","type":"post","link":"https:\/\/comunhaoespirita.org.br\/portal\/2023\/02\/12\/sera-que-os-espiritos-reencarnados-se-reconhecem\/","title":{"rendered":"Ser\u00e1 que os esp\u00edritos reencarnados se reconhecem?"},"content":{"rendered":"<p>Uma das palestras de amanh\u00e3, 13 de fevereiro, vai esclarecer se os esp\u00edritos que conviveram na terra podem se reconhecer. A conversa ser\u00e1 com Eliz\u00e1rio Leit\u00e3o, \u00e0s 18h.<!--more--><\/p>\n<p>Veja toda a programa\u00e7\u00e3o desta segunda-feira que pode ser acompanhada presencialmente no audit\u00f3rio Bezerra de Menezes ou pela <a href=\"https:\/\/www.youtube.com\/channel\/UC1clNlD8PZc6XC4ZFfOf9PA\">TV Comunh\u00e3o no YouTube<\/a>:<\/p>\n<p><img fetchpriority=\"high\" decoding=\"async\" class=\"alignnone size-medium wp-image-18365\" src=\"https:\/\/comunhaoespirita.org.br\/portal\/wp-content\/uploads\/2023\/02\/WhatsApp-Image-2023-02-10-at-15.47.30-300x200.jpeg\" alt=\"\" width=\"300\" height=\"200\" srcset=\"https:\/\/comunhaoespirita.org.br\/portal\/wp-content\/uploads\/2023\/02\/WhatsApp-Image-2023-02-10-at-15.47.30-300x200.jpeg 300w, https:\/\/comunhaoespirita.org.br\/portal\/wp-content\/uploads\/2023\/02\/WhatsApp-Image-2023-02-10-at-15.47.30-1024x683.jpeg 1024w, https:\/\/comunhaoespirita.org.br\/portal\/wp-content\/uploads\/2023\/02\/WhatsApp-Image-2023-02-10-at-15.47.30-768x512.jpeg 768w, https:\/\/comunhaoespirita.org.br\/portal\/wp-content\/uploads\/2023\/02\/WhatsApp-Image-2023-02-10-at-15.47.30.jpeg 1080w\" sizes=\"(max-width: 300px) 100vw, 300px\" \/><\/p>\n","protected":false},"excerpt":{"rendered":"<p>Uma das palestras de amanh\u00e3, 13 de fevereiro, vai esclarecer se os esp\u00edritos que conviveram na terra podem se reconhecer. A conversa ser\u00e1 com Eliz\u00e1rio Leit\u00e3o, \u00e0s 18h.<\/p>\n","protected":false},"author":12,"featured_media":18365,"comment_status":"open","ping_status":"open","sticky":false,"template":"","format":"standard","meta":{"_jetpack_memberships_contains_paid_content":false,"footnotes":"","jetpack_publicize_message":"","jetpack_publicize_feature_enabled":true,"jetpack_social_post_already_shared":true,"jetpack_social_options":{"image_generator_settings":{"template":"highway","default_image_id":0,"font":"","enabled":false},"version":2}},"categories":[72,70],"tags":[],"class_list":["post-18360","post","type-post","status-publish","format-standard","has-post-thumbnail","hentry","category-palestras","category-reflexoes"],"jetpack_publicize_connections":[],"jetpack_featured_media_url":"https:\/\/comunhaoespirita.org.br\/portal\/wp-content\/uploads\/2023\/02\/WhatsApp-Image-2023-02-10-at-15.47.30.jpeg","jetpack_sharing_enabled":true,"_links":{"self":[{"href":"https:\/\/comunhaoespirita.org.br\/portal\/wp-json\/wp\/v2\/posts\/18360","targetHints":{"allow":["GET"]}}],"collection":[{"href":"https:\/\/comunhaoespirita.org.br\/portal\/wp-json\/wp\/v2\/posts"}],"about":[{"href":"https:\/\/comunhaoespirita.org.br\/portal\/wp-json\/wp\/v2\/types\/post"}],"author":[{"embeddable":true,"href":"https:\/\/comunhaoespirita.org.br\/portal\/wp-json\/wp\/v2\/users\/12"}],"replies":[{"embeddable":true,"href":"https:\/\/comunhaoespirita.org.br\/portal\/wp-json\/wp\/v2\/comments?post=18360"}],"version-history":[{"count":1,"href":"https:\/\/comunhaoespirita.org.br\/portal\/wp-json\/wp\/v2\/posts\/18360\/revisions"}],"predecessor-version":[{"id":18366,"href":"https:\/\/comunhaoespirita.org.br\/portal\/wp-json\/wp\/v2\/posts\/18360\/revisions\/18366"}],"wp:featuredmedia":[{"embeddable":true,"href":"https:\/\/comunhaoespirita.org.br\/portal\/wp-json\/wp\/v2\/media\/18365"}],"wp:attachment":[{"href":"https:\/\/comunhaoespirita.org.br\/portal\/wp-json\/wp\/v2\/media?parent=18360"}],"wp:term":[{"taxonomy":"category","embeddable":true,"href":"https:\/\/comunhaoespirita.org.br\/portal\/wp-json\/wp\/v2\/categories?post=18360"},{"taxonomy":"post_tag","embeddable":true,"href":"https:\/\/comunhaoespirita.org.br\/portal\/wp-json\/wp\/v2\/tags?post=18360"}],"curies":[{"name":"wp","href":"https:\/\/api.w.org\/{rel}","templated":true}]}}