{"id":16607,"date":"2024-08-29T11:47:32","date_gmt":"2024-08-29T14:47:32","guid":{"rendered":"https:\/\/comunhaoespirita.org.br\/portal\/?p=16607"},"modified":"2024-08-29T17:23:10","modified_gmt":"2024-08-29T20:23:10","slug":"voce-conhece-os-grupos-de-irradiacao-e-harmonizacao","status":"publish","type":"post","link":"https:\/\/comunhaoespirita.org.br\/portal\/2024\/08\/29\/voce-conhece-os-grupos-de-irradiacao-e-harmonizacao\/","title":{"rendered":"Comunh\u00e3o oferece grupos de irradia\u00e7\u00e3o e harmoniza\u00e7\u00e3o"},"content":{"rendered":"<p>O Grupo de Irradia\u00e7\u00e3o Francisco de Assis foi criado em 2016 com o objetivo de realizar diariamente prece de irradia\u00e7\u00e3o em favor do planeta, do pa\u00eds, de um estado, uma cidade, uma institui\u00e7\u00e3o, grupo de esp\u00edritos ou de um esp\u00edrito em especial, sejam encarnados ou desencarnados.<\/p>\n<p><!--more--><\/p>\n<p><img fetchpriority=\"high\" decoding=\"async\" class=\"alignnone size-medium wp-image-21465\" src=\"https:\/\/comunhaoespirita.org.br\/portal\/wp-content\/uploads\/2023\/11\/THUMBNAIL-FEED-2023-300x169.png\" alt=\"\" width=\"300\" height=\"169\" srcset=\"https:\/\/comunhaoespirita.org.br\/portal\/wp-content\/uploads\/2023\/11\/THUMBNAIL-FEED-2023-300x169.png 300w, https:\/\/comunhaoespirita.org.br\/portal\/wp-content\/uploads\/2023\/11\/THUMBNAIL-FEED-2023-1024x576.png 1024w, https:\/\/comunhaoespirita.org.br\/portal\/wp-content\/uploads\/2023\/11\/THUMBNAIL-FEED-2023-768x432.png 768w, https:\/\/comunhaoespirita.org.br\/portal\/wp-content\/uploads\/2023\/11\/THUMBNAIL-FEED-2023-1536x864.png 1536w, https:\/\/comunhaoespirita.org.br\/portal\/wp-content\/uploads\/2023\/11\/THUMBNAIL-FEED-2023-2048x1152.png 2048w, https:\/\/comunhaoespirita.org.br\/portal\/wp-content\/uploads\/2023\/11\/THUMBNAIL-FEED-2023-160x90.png 160w\" sizes=\"(max-width: 300px) 100vw, 300px\" \/><\/p>\n<p>J\u00e1 o Grupo de Harmoniza\u00e7\u00e3o Chico Xavier foi criado com a finalidade de harmonizar aqueles que est\u00e3o em tratamento espiritual encaminhados pelo atendimento fraterno presencial ou on-line. Mas tamb\u00e9m para todos os que se encontram necessitados de equil\u00edbrio emocional.<\/p>\n<p>O Grupo trabalha tem\u00e1ticas oriundas de mensagens enviadas por esp\u00edritos amigos por cerca de 20 minutos. Em seguida, os assistidos tomam o passe presencial ou virtual, caso estejam acompanhando a mensagem via TV Comunh\u00e3o no YouTube, ao vivo, de segunda a sexta, \u00e0s 12h. Por\u00e9m, o interessado pode assisti-lo a qualquer momento posterior, pois as transmiss\u00f5es ficam gravadas.<\/p>\n<p>Assista a ambos e acompanhe na TV Comunh\u00e3o.<\/p>\n<p><iframe title=\"GRUPO DE IRRADIA\u00c7\u00c3O FRANCISCO DE ASSIS\" width=\"800\" height=\"450\" src=\"https:\/\/www.youtube.com\/embed\/Hroo2ZNOysA?list=PLI-OgasY7T5vMrFNevExzYy2AZ8Ag-ldX\" frameborder=\"0\" allow=\"accelerometer; autoplay; clipboard-write; encrypted-media; gyroscope; picture-in-picture; web-share\" referrerpolicy=\"strict-origin-when-cross-origin\" allowfullscreen><\/iframe><\/p>\n<p><iframe title=\"RENDAMOS GRA\u00c7AS - Miriam dos Anjos (GRUPO DE HARMONIZA\u00c7\u00c3O CHICO XAVIER)\" width=\"800\" height=\"450\" src=\"https:\/\/www.youtube.com\/embed\/era4fL9N_qc?feature=oembed\" frameborder=\"0\" allow=\"accelerometer; autoplay; clipboard-write; encrypted-media; gyroscope; picture-in-picture; web-share\" referrerpolicy=\"strict-origin-when-cross-origin\" allowfullscreen><\/iframe><\/p>\n","protected":false},"excerpt":{"rendered":"<p>O Grupo de Irradia\u00e7\u00e3o Francisco de Assis foi criado em 2016 com o objetivo de realizar diariamente prece de irradia\u00e7\u00e3o em favor do planeta, do pa\u00eds, de um estado, uma [&hellip;]<\/p>\n","protected":false},"author":12,"featured_media":21463,"comment_status":"open","ping_status":"open","sticky":false,"template":"","format":"standard","meta":{"_jetpack_memberships_contains_paid_content":false,"footnotes":"","jetpack_publicize_message":"","jetpack_publicize_feature_enabled":true,"jetpack_social_post_already_shared":true,"jetpack_social_options":{"image_generator_settings":{"template":"highway","default_image_id":0,"font":"","enabled":false},"version":2}},"categories":[83,70,71],"tags":[],"class_list":["post-16607","post","type-post","status-publish","format-standard","has-post-thumbnail","hentry","category-educacao-espirita","category-reflexoes","category-tv-comunhao"],"jetpack_publicize_connections":[],"jetpack_featured_media_url":"https:\/\/comunhaoespirita.org.br\/portal\/wp-content\/uploads\/2023\/11\/GIFA-THUMBNAIL.png","jetpack_sharing_enabled":true,"_links":{"self":[{"href":"https:\/\/comunhaoespirita.org.br\/portal\/wp-json\/wp\/v2\/posts\/16607","targetHints":{"allow":["GET"]}}],"collection":[{"href":"https:\/\/comunhaoespirita.org.br\/portal\/wp-json\/wp\/v2\/posts"}],"about":[{"href":"https:\/\/comunhaoespirita.org.br\/portal\/wp-json\/wp\/v2\/types\/post"}],"author":[{"embeddable":true,"href":"https:\/\/comunhaoespirita.org.br\/portal\/wp-json\/wp\/v2\/users\/12"}],"replies":[{"embeddable":true,"href":"https:\/\/comunhaoespirita.org.br\/portal\/wp-json\/wp\/v2\/comments?post=16607"}],"version-history":[{"count":6,"href":"https:\/\/comunhaoespirita.org.br\/portal\/wp-json\/wp\/v2\/posts\/16607\/revisions"}],"predecessor-version":[{"id":23328,"href":"https:\/\/comunhaoespirita.org.br\/portal\/wp-json\/wp\/v2\/posts\/16607\/revisions\/23328"}],"wp:featuredmedia":[{"embeddable":true,"href":"https:\/\/comunhaoespirita.org.br\/portal\/wp-json\/wp\/v2\/media\/21463"}],"wp:attachment":[{"href":"https:\/\/comunhaoespirita.org.br\/portal\/wp-json\/wp\/v2\/media?parent=16607"}],"wp:term":[{"taxonomy":"category","embeddable":true,"href":"https:\/\/comunhaoespirita.org.br\/portal\/wp-json\/wp\/v2\/categories?post=16607"},{"taxonomy":"post_tag","embeddable":true,"href":"https:\/\/comunhaoespirita.org.br\/portal\/wp-json\/wp\/v2\/tags?post=16607"}],"curies":[{"name":"wp","href":"https:\/\/api.w.org\/{rel}","templated":true}]}}