{"id":14341,"date":"2022-06-24T18:40:16","date_gmt":"2022-06-24T21:40:16","guid":{"rendered":"https:\/\/comunhaoespirita.org.br\/portal\/?p=14341"},"modified":"2022-06-24T19:13:06","modified_gmt":"2022-06-24T22:13:06","slug":"assista-a-serie-chico-xavier-a-luz-que-nao-se-apaga","status":"publish","type":"post","link":"https:\/\/comunhaoespirita.org.br\/portal\/2022\/06\/24\/assista-a-serie-chico-xavier-a-luz-que-nao-se-apaga\/","title":{"rendered":"Assista \u00e0 s\u00e9rie Chico Xavier, a luz que n\u00e3o se apaga"},"content":{"rendered":"<div class=\"single-post__entry-header entry__header\">\n<p>H\u00e1 20 anos, em 30\/6\/2002, desencarnava Chico Xavier, o maior m\u00e9dium brasileiro de todos os tempos. Em homenagem ao Disc\u00edpulo de Jesus, como \u00e9 chamado, a <em>SBT no Interior<\/em> exibir\u00e1 uma s\u00e9rie especial de quatro epis\u00f3dios. &#8220;Chico Xavier, a luz que n\u00e3o se apaga&#8221; tem sua estreia marcada para a pr\u00f3xima ter\u00e7a-feira, 28\/6, e poder\u00e1 ser vista pela internet.<\/p>\n<\/div>\n<p><!--more--><\/p>\n<div class=\"entry__article-wrap\">\n<div class=\"entry__article\">\n<p>O rep\u00f3rter Fl\u00e1vio Zani visitou os pontos mais importantes da hist\u00f3ria de Chico Xavier, como a casa onde ele viveu os \u00faltimos oito anos em Pedro Leopoldo, antes de se mudar para o\u00a0\u200bT\u200bri\u00e2ngulo\u00a0\u200bM\u200bineiro\u200b,\u200b\u00a0em 1959. A equipe do programa passou ainda pela Fazenda Modelo, onde Chico trabalhou por 25 anos, pelos dois centros esp\u00edritas fundados por Chico Xavier na cidade\u200b -\u200b\u00a0o Luiz Gonzaga e o Meimei\u200b -\u200b\u00a0e pela ic\u00f4nica est\u00e1tua em tamanho real que foi colocada na principal pra\u00e7a da cidade. Estes pontos tur\u00edsticos fazem parte de uma experi\u00eancia cultural e religiosa chamada de Caminhos de Luz.<\/p>\n<p>Amigos que conviveram com Chico Xavier foram entrevistados e revelaram grandes momentos que vivenciaram na cidade natal do m\u00e9dium. Uma dessas hist\u00f3rias foi revelada pelo memorialista Geraldo Le\u00e3o, de 86 anos.\u200b \u200bGeraldo \u00e9 o dono do maior acervo sobre Chico Xavier do Brasil e revelou o poema que \u200bo m\u00e9dium escreveu em 1934, para uma mulher chamada Olga, e que teria sido uma paix\u00e3o de Chico na sua adolesc\u00eancia.<\/p>\n<p>\u201cEsta s\u00e9rie vai mostrar um Chico Xavier menos mitificado e mais humano. Uma pessoa de carne e osso que tinha medos, que tinha momentos de descontra\u00e7\u00e3o e que viveu todas as dores que um ser humano vive para evoluir, sem ter tido privil\u00e9gios\u201d, conta\u200b Fl\u00e1vio Zani\u200b.\u200b<\/p>\n<p>\u200b&#8221;Chico Xavier, a luz que n\u00e3o se apaga&#8221; estreia dia 28 de junho dentro do\u200b programa\u200b \u200b&#8217;\u200bBem na Hora\u200b&#8217;\u200b, que come\u00e7a \u00e0s 11\u200bh\u200b, n\u200ba tela do SBT no Interior, afiliada da SBT no oeste paulista (canal 7) ou, na internet, pelo\u00a0<strong><a class=\"alll\" href=\"https:\/\/sbtinterior.com\/aovivo\/\">sbtinterior.com<\/a>.\u200b\u200b\u200b<\/strong><\/p>\n<\/div>\n<\/div>\n<div><\/div>\n<div>(Fonte: SBT no Interior)<\/div>\n<div><\/div>\n","protected":false},"excerpt":{"rendered":"<p>H\u00e1 20 anos, em 30\/6\/2002, desencarnava Chico Xavier, o maior m\u00e9dium brasileiro de todos os tempos. Em homenagem ao Disc\u00edpulo de Jesus, como \u00e9 chamado, a SBT no Interior exibir\u00e1 [&hellip;]<\/p>\n","protected":false},"author":12,"featured_media":12247,"comment_status":"open","ping_status":"open","sticky":false,"template":"","format":"standard","meta":{"_jetpack_memberships_contains_paid_content":false,"footnotes":"","jetpack_publicize_message":"","jetpack_publicize_feature_enabled":true,"jetpack_social_post_already_shared":true,"jetpack_social_options":{"image_generator_settings":{"template":"highway","default_image_id":0,"font":"","enabled":false},"version":2}},"categories":[68],"tags":[],"class_list":["post-14341","post","type-post","status-publish","format-standard","has-post-thumbnail","hentry","category-noticias"],"jetpack_publicize_connections":[],"jetpack_featured_media_url":"https:\/\/comunhaoespirita.org.br\/portal\/wp-content\/uploads\/2022\/02\/chico-xavier.jpg","jetpack_sharing_enabled":true,"_links":{"self":[{"href":"https:\/\/comunhaoespirita.org.br\/portal\/wp-json\/wp\/v2\/posts\/14341","targetHints":{"allow":["GET"]}}],"collection":[{"href":"https:\/\/comunhaoespirita.org.br\/portal\/wp-json\/wp\/v2\/posts"}],"about":[{"href":"https:\/\/comunhaoespirita.org.br\/portal\/wp-json\/wp\/v2\/types\/post"}],"author":[{"embeddable":true,"href":"https:\/\/comunhaoespirita.org.br\/portal\/wp-json\/wp\/v2\/users\/12"}],"replies":[{"embeddable":true,"href":"https:\/\/comunhaoespirita.org.br\/portal\/wp-json\/wp\/v2\/comments?post=14341"}],"version-history":[{"count":2,"href":"https:\/\/comunhaoespirita.org.br\/portal\/wp-json\/wp\/v2\/posts\/14341\/revisions"}],"predecessor-version":[{"id":14345,"href":"https:\/\/comunhaoespirita.org.br\/portal\/wp-json\/wp\/v2\/posts\/14341\/revisions\/14345"}],"wp:featuredmedia":[{"embeddable":true,"href":"https:\/\/comunhaoespirita.org.br\/portal\/wp-json\/wp\/v2\/media\/12247"}],"wp:attachment":[{"href":"https:\/\/comunhaoespirita.org.br\/portal\/wp-json\/wp\/v2\/media?parent=14341"}],"wp:term":[{"taxonomy":"category","embeddable":true,"href":"https:\/\/comunhaoespirita.org.br\/portal\/wp-json\/wp\/v2\/categories?post=14341"},{"taxonomy":"post_tag","embeddable":true,"href":"https:\/\/comunhaoespirita.org.br\/portal\/wp-json\/wp\/v2\/tags?post=14341"}],"curies":[{"name":"wp","href":"https:\/\/api.w.org\/{rel}","templated":true}]}}