{"id":9046,"global_id":"comunhaoespirita.org.br\/portal?id=9046","global_id_lineage":["comunhaoespirita.org.br\/portal?id=9046"],"author":"10","status":"publish","date":"2021-07-15 09:48:27","date_utc":"2021-07-15 12:48:27","modified":"2026-03-23 16:59:24","modified_utc":"2026-03-23 19:59:24","url":"https:\/\/comunhaoespirita.org.br\/portal\/palestra-ou-evento\/grupo-de-harmonizacao-chico-xavier-13\/","rest_url":"https:\/\/comunhaoespirita.org.br\/portal\/wp-json\/tribe\/events\/v1\/events\/9046","title":"Grupo de Harmoniza\u00e7\u00e3o Chico Xavier","description":"<p>Conhe\u00e7a o nosso Grupo de Harmoniza\u00e7\u00e3o Chico Xavier! Convidamos voc\u00ea para um breve momento de reflex\u00e3o e agradecimento, seguido do Passe Virtual. De segunda a sexta, \u00e0s 12 h, no nosso Canal do YouTube! Esperamos voc\u00ea! \ud83d\ude09<\/p>\n<p>#comunhaoespiritadebrasilia #harmonizacao #espiritismo #comunhaoespirita<\/p>","excerpt":"","slug":"grupo-de-harmonizacao-chico-xavier-13","image":{"url":"https:\/\/comunhaoespirita.org.br\/portal\/wp-content\/uploads\/2021\/07\/WhatsApp-Image-2024-11-14-at-11.11.50.jpeg","id":25089,"extension":"jpeg","width":1600,"height":899,"filesize":231588,"sizes":{"medium":{"width":300,"height":169,"mime-type":"image\/jpeg","filesize":10427,"url":"https:\/\/comunhaoespirita.org.br\/portal\/wp-content\/uploads\/2021\/07\/WhatsApp-Image-2024-11-14-at-11.11.50-300x169.jpeg"},"large":{"width":1024,"height":575,"mime-type":"image\/jpeg","filesize":73192,"url":"https:\/\/comunhaoespirita.org.br\/portal\/wp-content\/uploads\/2021\/07\/WhatsApp-Image-2024-11-14-at-11.11.50-1024x575.jpeg"},"thumbnail":{"width":150,"height":150,"mime-type":"image\/jpeg","filesize":5391,"url":"https:\/\/comunhaoespirita.org.br\/portal\/wp-content\/uploads\/2021\/07\/WhatsApp-Image-2024-11-14-at-11.11.50-150x150.jpeg"},"medium_large":{"width":768,"height":432,"mime-type":"image\/jpeg","filesize":47180,"url":"https:\/\/comunhaoespirita.org.br\/portal\/wp-content\/uploads\/2021\/07\/WhatsApp-Image-2024-11-14-at-11.11.50-768x432.jpeg"},"1536x1536":{"width":1536,"height":863,"mime-type":"image\/jpeg","filesize":135847,"url":"https:\/\/comunhaoespirita.org.br\/portal\/wp-content\/uploads\/2021\/07\/WhatsApp-Image-2024-11-14-at-11.11.50-1536x863.jpeg"},"churchwp_related_post_pic700x400":{"width":700,"height":400,"mime-type":"image\/jpeg","filesize":41034,"url":"https:\/\/comunhaoespirita.org.br\/portal\/wp-content\/uploads\/2021\/07\/WhatsApp-Image-2024-11-14-at-11.11.50-700x400.jpeg"},"churchwp_post_pic700x450":{"width":700,"height":450,"mime-type":"image\/jpeg","filesize":45918,"url":"https:\/\/comunhaoespirita.org.br\/portal\/wp-content\/uploads\/2021\/07\/WhatsApp-Image-2024-11-14-at-11.11.50-700x450.jpeg"},"churchwp_post_widget_pic70x70":{"width":70,"height":70,"mime-type":"image\/jpeg","filesize":2003,"url":"https:\/\/comunhaoespirita.org.br\/portal\/wp-content\/uploads\/2021\/07\/WhatsApp-Image-2024-11-14-at-11.11.50-70x70.jpeg"},"churchwp_530x600":{"width":530,"height":600,"mime-type":"image\/jpeg","filesize":39489,"url":"https:\/\/comunhaoespirita.org.br\/portal\/wp-content\/uploads\/2021\/07\/WhatsApp-Image-2024-11-14-at-11.11.50-530x600.jpeg"},"churchwp_1150x600":{"width":1150,"height":600,"mime-type":"image\/jpeg","filesize":84678,"url":"https:\/\/comunhaoespirita.org.br\/portal\/wp-content\/uploads\/2021\/07\/WhatsApp-Image-2024-11-14-at-11.11.50-1150x600.jpeg"},"churchwp_1420x140":{"width":1420,"height":140,"mime-type":"image\/jpeg","filesize":29953,"url":"https:\/\/comunhaoespirita.org.br\/portal\/wp-content\/uploads\/2021\/07\/WhatsApp-Image-2024-11-14-at-11.11.50-1420x140.jpeg"},"churchwp_testimonials_150x150":{"width":150,"height":150,"mime-type":"image\/jpeg","filesize":5391,"url":"https:\/\/comunhaoespirita.org.br\/portal\/wp-content\/uploads\/2021\/07\/WhatsApp-Image-2024-11-14-at-11.11.50-150x150.jpeg"},"churchwp_clients_160x90":{"width":160,"height":90,"mime-type":"image\/jpeg","filesize":4025,"url":"https:\/\/comunhaoespirita.org.br\/portal\/wp-content\/uploads\/2021\/07\/WhatsApp-Image-2024-11-14-at-11.11.50-160x90.jpeg"},"churchwp_portfolio01_390x275":{"width":390,"height":275,"mime-type":"image\/jpeg","filesize":18834,"url":"https:\/\/comunhaoespirita.org.br\/portal\/wp-content\/uploads\/2021\/07\/WhatsApp-Image-2024-11-14-at-11.11.50-390x275.jpeg"},"churchwp_blogpost01_1420x170":{"width":1420,"height":170,"mime-type":"image\/jpeg","filesize":35788,"url":"https:\/\/comunhaoespirita.org.br\/portal\/wp-content\/uploads\/2021\/07\/WhatsApp-Image-2024-11-14-at-11.11.50-1420x170.jpeg"},"churchwp_about_600x600":{"width":600,"height":600,"mime-type":"image\/jpeg","filesize":45307,"url":"https:\/\/comunhaoespirita.org.br\/portal\/wp-content\/uploads\/2021\/07\/WhatsApp-Image-2024-11-14-at-11.11.50-600x600.jpeg"},"churchwp_testimonials02_250x530":{"width":250,"height":300,"mime-type":"image\/jpeg","filesize":13148,"url":"https:\/\/comunhaoespirita.org.br\/portal\/wp-content\/uploads\/2021\/07\/WhatsApp-Image-2024-11-14-at-11.11.50-250x300.jpeg"}}},"all_day":false,"start_date":"2026-03-24 12:00:00","start_date_details":{"year":"2026","month":"03","day":"24","hour":"12","minutes":"00","seconds":"00"},"end_date":"2026-03-24 12:30:00","end_date_details":{"year":"2026","month":"03","day":"24","hour":"12","minutes":"30","seconds":"00"},"utc_start_date":"2026-03-24 15:00:00","utc_start_date_details":{"year":"2026","month":"03","day":"24","hour":"15","minutes":"00","seconds":"00"},"utc_end_date":"2026-03-24 15:30:00","utc_end_date_details":{"year":"2026","month":"03","day":"24","hour":"15","minutes":"30","seconds":"00"},"timezone":"America\/Sao_Paulo","timezone_abbr":"-03","cost":"","cost_details":{"currency_symbol":"R$","currency_code":"USD","currency_position":"prefix","values":[]},"website":"","show_map":true,"show_map_link":true,"hide_from_listings":false,"sticky":false,"featured":false,"categories":[{"name":"Grupo de Harmoniza\u00e7\u00e3o Chico Xavier","slug":"grupo-de-harmonizacao-chico-xavier","term_group":0,"term_taxonomy_id":81,"taxonomy":"tribe_events_cat","description":"","parent":0,"count":45,"filter":"raw","id":81,"urls":{"self":"https:\/\/comunhaoespirita.org.br\/portal\/wp-json\/tribe\/events\/v1\/categories\/81","collection":"https:\/\/comunhaoespirita.org.br\/portal\/wp-json\/tribe\/events\/v1\/categories"}}],"tags":[],"venue":{"id":8122,"author":"2","status":"publish","date":"2021-06-25 13:55:54","date_utc":"2021-06-25 16:55:54","modified":"2021-07-01 14:13:16","modified_utc":"2021-07-01 17:13:16","url":"https:\/\/comunhaoespirita.org.br\/portal\/local\/youtube-da-comunhao\/","venue":"Evento Virtual &#8211; Assista no Youtube da Comunh\u00e3o","slug":"youtube-da-comunhao","website":"https:\/\/www.youtube.com\/comunhaoespiritadebrasilia","json_ld":{"@type":"Place","name":"Evento Virtual &#8211; Assista no Youtube da Comunh\u00e3o","description":"","url":"","address":{"@type":"PostalAddress"},"telephone":"","sameAs":"https:\/\/www.youtube.com\/comunhaoespiritadebrasilia"},"show_map":true,"show_map_link":true,"global_id":"comunhaoespirita.org.br\/portal?id=8122","global_id_lineage":["comunhaoespirita.org.br\/portal?id=8122"]},"organizer":[],"custom_fields":[],"json_ld":{"@context":"http:\/\/schema.org","@type":"Event","name":"Grupo de Harmoniza\u00e7\u00e3o Chico Xavier","description":"&lt;p&gt;Conhe\u00e7a o nosso Grupo de Harmoniza\u00e7\u00e3o Chico Xavier! Convidamos voc\u00ea para um breve momento de reflex\u00e3o e agradecimento, seguido do Passe Virtual. De segunda a sexta, \u00e0s 12 h, no [&hellip;]&lt;\/p&gt;\\n","image":"https:\/\/comunhaoespirita.org.br\/portal\/wp-content\/uploads\/2021\/07\/WhatsApp-Image-2024-11-14-at-11.11.50.jpeg","url":"https:\/\/comunhaoespirita.org.br\/portal\/palestra-ou-evento\/grupo-de-harmonizacao-chico-xavier-13\/","eventAttendanceMode":"https:\/\/schema.org\/OfflineEventAttendanceMode","eventStatus":"https:\/\/schema.org\/EventScheduled","startDate":"2026-03-24T12:00:00-03:00","endDate":"2026-03-24T12:30:00-03:00","location":{"@type":"Place","name":"Evento Virtual &#8211; Assista no Youtube da Comunh\u00e3o","description":"","url":"","address":{"@type":"PostalAddress"},"telephone":"","sameAs":"https:\/\/www.youtube.com\/comunhaoespiritadebrasilia"},"performer":"Organization"}}