{"id":27122,"global_id":"comunhaoespirita.org.br\/portal?id=27122","global_id_lineage":["comunhaoespirita.org.br\/portal?id=27122"],"author":"10","status":"publish","date":"2025-04-14 16:19:09","date_utc":"2025-04-14 19:19:09","modified":"2026-02-13 15:52:46","modified_utc":"2026-02-13 18:52:46","url":"https:\/\/comunhaoespirita.org.br\/portal\/palestra-ou-evento\/grupo-de-irradiacao-francisco-de-assis-67\/","rest_url":"https:\/\/comunhaoespirita.org.br\/portal\/wp-json\/tribe\/events\/v1\/events\/27122","title":"Grupo de Irradia\u00e7\u00e3o Francisco de Assis","description":"<p>A Comunh\u00e3o Esp\u00edrita realiza, de segunda a domingo, a prece de irradia\u00e7\u00e3o do Grupo Francisco de Assis. Nesta prece, vibra\u00e7\u00f5es superiores s\u00e3o enviadas a todos os necessitados do planeta, sempre ap\u00f3s a leitura e o coment\u00e1rio do Evangelho pela equipe do grupo. A Comunh\u00e3o permanece fechada parcialmente, seguindo decreto governamental e a prece de irradia\u00e7\u00e3o \u00e9 realizada virtualmente.<br \/>\nAcompanhe, diariamente, atrav\u00e9s de nossos canais.<br \/>\nDomingo a sexta-feira \u00e0s 17h30 e s\u00e1bado \u00e0s 18h30.<\/p>","excerpt":"","slug":"grupo-de-irradiacao-francisco-de-assis-67","image":{"url":"https:\/\/comunhaoespirita.org.br\/portal\/wp-content\/uploads\/2025\/04\/GIFA-THUMBNAIL.png","id":27111,"extension":"png","width":1280,"height":720,"filesize":1273584,"sizes":{"medium":{"width":300,"height":169,"mime-type":"image\/png","filesize":102629,"url":"https:\/\/comunhaoespirita.org.br\/portal\/wp-content\/uploads\/2025\/04\/GIFA-THUMBNAIL-300x169.png"},"large":{"width":1024,"height":576,"mime-type":"image\/png","filesize":859538,"url":"https:\/\/comunhaoespirita.org.br\/portal\/wp-content\/uploads\/2025\/04\/GIFA-THUMBNAIL-1024x576.png"},"thumbnail":{"width":150,"height":150,"mime-type":"image\/png","filesize":46556,"url":"https:\/\/comunhaoespirita.org.br\/portal\/wp-content\/uploads\/2025\/04\/GIFA-THUMBNAIL-150x150.png"},"medium_large":{"width":768,"height":432,"mime-type":"image\/png","filesize":529054,"url":"https:\/\/comunhaoespirita.org.br\/portal\/wp-content\/uploads\/2025\/04\/GIFA-THUMBNAIL-768x432.png"},"churchwp_related_post_pic700x400":{"width":700,"height":400,"mime-type":"image\/png","filesize":458400,"url":"https:\/\/comunhaoespirita.org.br\/portal\/wp-content\/uploads\/2025\/04\/GIFA-THUMBNAIL-700x400.png"},"churchwp_post_pic700x450":{"width":700,"height":450,"mime-type":"image\/png","filesize":508120,"url":"https:\/\/comunhaoespirita.org.br\/portal\/wp-content\/uploads\/2025\/04\/GIFA-THUMBNAIL-700x450.png"},"churchwp_post_widget_pic70x70":{"width":70,"height":70,"mime-type":"image\/png","filesize":11940,"url":"https:\/\/comunhaoespirita.org.br\/portal\/wp-content\/uploads\/2025\/04\/GIFA-THUMBNAIL-70x70.png"},"churchwp_530x600":{"width":530,"height":600,"mime-type":"image\/png","filesize":452760,"url":"https:\/\/comunhaoespirita.org.br\/portal\/wp-content\/uploads\/2025\/04\/GIFA-THUMBNAIL-530x600.png"},"churchwp_1150x600":{"width":1150,"height":600,"mime-type":"image\/png","filesize":988194,"url":"https:\/\/comunhaoespirita.org.br\/portal\/wp-content\/uploads\/2025\/04\/GIFA-THUMBNAIL-1150x600.png"},"churchwp_1420x140":{"width":1280,"height":140,"mime-type":"image\/png","filesize":259594,"url":"https:\/\/comunhaoespirita.org.br\/portal\/wp-content\/uploads\/2025\/04\/GIFA-THUMBNAIL-1280x140.png"},"churchwp_testimonials_150x150":{"width":150,"height":150,"mime-type":"image\/png","filesize":46556,"url":"https:\/\/comunhaoespirita.org.br\/portal\/wp-content\/uploads\/2025\/04\/GIFA-THUMBNAIL-150x150.png"},"churchwp_clients_160x90":{"width":160,"height":90,"mime-type":"image\/png","filesize":33703,"url":"https:\/\/comunhaoespirita.org.br\/portal\/wp-content\/uploads\/2025\/04\/GIFA-THUMBNAIL-160x90.png"},"churchwp_portfolio01_390x275":{"width":390,"height":275,"mime-type":"image\/png","filesize":193404,"url":"https:\/\/comunhaoespirita.org.br\/portal\/wp-content\/uploads\/2025\/04\/GIFA-THUMBNAIL-390x275.png"},"churchwp_blogpost01_1420x170":{"width":1280,"height":170,"mime-type":"image\/png","filesize":312576,"url":"https:\/\/comunhaoespirita.org.br\/portal\/wp-content\/uploads\/2025\/04\/GIFA-THUMBNAIL-1280x170.png"},"churchwp_about_600x600":{"width":600,"height":600,"mime-type":"image\/png","filesize":521519,"url":"https:\/\/comunhaoespirita.org.br\/portal\/wp-content\/uploads\/2025\/04\/GIFA-THUMBNAIL-600x600.png"},"churchwp_testimonials02_250x530":{"width":250,"height":300,"mime-type":"image\/png","filesize":128562,"url":"https:\/\/comunhaoespirita.org.br\/portal\/wp-content\/uploads\/2025\/04\/GIFA-THUMBNAIL-250x300.png"}}},"all_day":false,"start_date":"2026-02-24 17:30:00","start_date_details":{"year":"2026","month":"02","day":"24","hour":"17","minutes":"30","seconds":"00"},"end_date":"2026-02-24 17:45:00","end_date_details":{"year":"2026","month":"02","day":"24","hour":"17","minutes":"45","seconds":"00"},"utc_start_date":"2026-02-24 20:30:00","utc_start_date_details":{"year":"2026","month":"02","day":"24","hour":"20","minutes":"30","seconds":"00"},"utc_end_date":"2026-02-24 20:45:00","utc_end_date_details":{"year":"2026","month":"02","day":"24","hour":"20","minutes":"45","seconds":"00"},"timezone":"America\/Sao_Paulo","timezone_abbr":"-03","cost":"","cost_details":{"currency_symbol":"R$","currency_code":"USD","currency_position":"prefix","values":[]},"website":"","show_map":true,"show_map_link":true,"hide_from_listings":false,"sticky":false,"featured":false,"categories":[],"tags":[],"venue":{"id":8122,"author":"2","status":"publish","date":"2021-06-25 13:55:54","date_utc":"2021-06-25 16:55:54","modified":"2021-07-01 14:13:16","modified_utc":"2021-07-01 17:13:16","url":"https:\/\/comunhaoespirita.org.br\/portal\/local\/youtube-da-comunhao\/","venue":"Evento Virtual &#8211; Assista no Youtube da Comunh\u00e3o","slug":"youtube-da-comunhao","website":"https:\/\/www.youtube.com\/comunhaoespiritadebrasilia","json_ld":{"@type":"Place","name":"Evento Virtual &#8211; Assista no Youtube da Comunh\u00e3o","description":"","url":"","address":{"@type":"PostalAddress"},"telephone":"","sameAs":"https:\/\/www.youtube.com\/comunhaoespiritadebrasilia"},"show_map":true,"show_map_link":true,"global_id":"comunhaoespirita.org.br\/portal?id=8122","global_id_lineage":["comunhaoespirita.org.br\/portal?id=8122"]},"organizer":[],"custom_fields":[],"json_ld":{"@context":"http:\/\/schema.org","@type":"Event","name":"Grupo de Irradia\u00e7\u00e3o Francisco de Assis","description":"&lt;p&gt;A Comunh\u00e3o Esp\u00edrita realiza, de segunda a domingo, a prece de irradia\u00e7\u00e3o do Grupo Francisco de Assis. Nesta prece, vibra\u00e7\u00f5es superiores s\u00e3o enviadas a todos os necessitados do planeta, sempre [&hellip;]&lt;\/p&gt;\\n","image":"https:\/\/comunhaoespirita.org.br\/portal\/wp-content\/uploads\/2025\/04\/GIFA-THUMBNAIL.png","url":"https:\/\/comunhaoespirita.org.br\/portal\/palestra-ou-evento\/grupo-de-irradiacao-francisco-de-assis-67\/","eventAttendanceMode":"https:\/\/schema.org\/OfflineEventAttendanceMode","eventStatus":"https:\/\/schema.org\/EventScheduled","startDate":"2026-02-24T17:30:00-03:00","endDate":"2026-02-24T17:45:00-03:00","location":{"@type":"Place","name":"Evento Virtual &#8211; Assista no Youtube da Comunh\u00e3o","description":"","url":"","address":{"@type":"PostalAddress"},"telephone":"","sameAs":"https:\/\/www.youtube.com\/comunhaoespiritadebrasilia"},"performer":"Organization"}}