{"id":21394,"global_id":"comunhaoespirita.org.br\/portal?id=21394","global_id_lineage":["comunhaoespirita.org.br\/portal?id=21394"],"author":"10","status":"publish","date":"2023-10-30 16:03:39","date_utc":"2023-10-30 19:03:39","modified":"2026-04-02 11:06:19","modified_utc":"2026-04-02 14:06:19","url":"https:\/\/comunhaoespirita.org.br\/portal\/palestra-ou-evento\/grupo-de-irradiacao-francisco-de-assis-48\/","rest_url":"https:\/\/comunhaoespirita.org.br\/portal\/wp-json\/tribe\/events\/v1\/events\/21394","title":"Grupo de Irradia\u00e7\u00e3o Francisco de Assis","description":"<p>A Comunh\u00e3o Esp\u00edrita realiza, de segunda a domingo, a prece de irradia\u00e7\u00e3o do Grupo Francisco de Assis. Nesta prece, vibra\u00e7\u00f5es superiores s\u00e3o enviadas a todos os necessitados do planeta, sempre ap\u00f3s a leitura e o coment\u00e1rio do Evangelho pela equipe do grupo.<br \/>\nA prece de irradia\u00e7\u00e3o \u00e9 realizada virtualmente, por meio do canal da Comunh\u00e3o no YouTube e pelo Facebook.<br \/>\nDomingo a sexta, \u00e0s 17h30, e s\u00e1bado, \u00e0s 18h30.<\/p>\n<p><a href=\"https:\/\/www.instagram.com\/explore\/tags\/comunhaoespirita\/\">#comunhaoespirita<\/a>\u00a0<a href=\"https:\/\/www.instagram.com\/explore\/tags\/comunhaoespiritadebrasilia\/\">#comunhaoespiritadebrasilia<\/a>\u00a0<a href=\"https:\/\/www.instagram.com\/explore\/tags\/gifa\/\">#gifa<\/a>\u00a0<a href=\"https:\/\/www.instagram.com\/explore\/tags\/grupodeirradiacao\/\">#grupodeirradiacao<\/a><\/p>","excerpt":"","slug":"grupo-de-irradiacao-francisco-de-assis-48","image":{"url":"https:\/\/comunhaoespirita.org.br\/portal\/wp-content\/uploads\/2021\/07\/WhatsApp-Image-2024-11-14-at-11.09.06.jpeg","id":25087,"extension":"jpeg","width":1280,"height":720,"filesize":289742,"sizes":{"medium":{"width":300,"height":169,"mime-type":"image\/jpeg","filesize":16469,"url":"https:\/\/comunhaoespirita.org.br\/portal\/wp-content\/uploads\/2021\/07\/WhatsApp-Image-2024-11-14-at-11.09.06-300x169.jpeg"},"large":{"width":1024,"height":576,"mime-type":"image\/jpeg","filesize":125445,"url":"https:\/\/comunhaoespirita.org.br\/portal\/wp-content\/uploads\/2021\/07\/WhatsApp-Image-2024-11-14-at-11.09.06-1024x576.jpeg"},"thumbnail":{"width":150,"height":150,"mime-type":"image\/jpeg","filesize":7829,"url":"https:\/\/comunhaoespirita.org.br\/portal\/wp-content\/uploads\/2021\/07\/WhatsApp-Image-2024-11-14-at-11.09.06-150x150.jpeg"},"medium_large":{"width":768,"height":432,"mime-type":"image\/jpeg","filesize":78563,"url":"https:\/\/comunhaoespirita.org.br\/portal\/wp-content\/uploads\/2021\/07\/WhatsApp-Image-2024-11-14-at-11.09.06-768x432.jpeg"},"churchwp_related_post_pic700x400":{"width":700,"height":400,"mime-type":"image\/jpeg","filesize":68197,"url":"https:\/\/comunhaoespirita.org.br\/portal\/wp-content\/uploads\/2021\/07\/WhatsApp-Image-2024-11-14-at-11.09.06-700x400.jpeg"},"churchwp_post_pic700x450":{"width":700,"height":450,"mime-type":"image\/jpeg","filesize":75790,"url":"https:\/\/comunhaoespirita.org.br\/portal\/wp-content\/uploads\/2021\/07\/WhatsApp-Image-2024-11-14-at-11.09.06-700x450.jpeg"},"churchwp_post_widget_pic70x70":{"width":70,"height":70,"mime-type":"image\/jpeg","filesize":2761,"url":"https:\/\/comunhaoespirita.org.br\/portal\/wp-content\/uploads\/2021\/07\/WhatsApp-Image-2024-11-14-at-11.09.06-70x70.jpeg"},"churchwp_530x600":{"width":530,"height":600,"mime-type":"image\/jpeg","filesize":64874,"url":"https:\/\/comunhaoespirita.org.br\/portal\/wp-content\/uploads\/2021\/07\/WhatsApp-Image-2024-11-14-at-11.09.06-530x600.jpeg"},"churchwp_1150x600":{"width":1150,"height":600,"mime-type":"image\/jpeg","filesize":142535,"url":"https:\/\/comunhaoespirita.org.br\/portal\/wp-content\/uploads\/2021\/07\/WhatsApp-Image-2024-11-14-at-11.09.06-1150x600.jpeg"},"churchwp_1420x140":{"width":1280,"height":140,"mime-type":"image\/jpeg","filesize":44250,"url":"https:\/\/comunhaoespirita.org.br\/portal\/wp-content\/uploads\/2021\/07\/WhatsApp-Image-2024-11-14-at-11.09.06-1280x140.jpeg"},"churchwp_testimonials_150x150":{"width":150,"height":150,"mime-type":"image\/jpeg","filesize":7829,"url":"https:\/\/comunhaoespirita.org.br\/portal\/wp-content\/uploads\/2021\/07\/WhatsApp-Image-2024-11-14-at-11.09.06-150x150.jpeg"},"churchwp_clients_160x90":{"width":160,"height":90,"mime-type":"image\/jpeg","filesize":6116,"url":"https:\/\/comunhaoespirita.org.br\/portal\/wp-content\/uploads\/2021\/07\/WhatsApp-Image-2024-11-14-at-11.09.06-160x90.jpeg"},"churchwp_portfolio01_390x275":{"width":390,"height":275,"mime-type":"image\/jpeg","filesize":29684,"url":"https:\/\/comunhaoespirita.org.br\/portal\/wp-content\/uploads\/2021\/07\/WhatsApp-Image-2024-11-14-at-11.09.06-390x275.jpeg"},"churchwp_blogpost01_1420x170":{"width":1280,"height":170,"mime-type":"image\/jpeg","filesize":53571,"url":"https:\/\/comunhaoespirita.org.br\/portal\/wp-content\/uploads\/2021\/07\/WhatsApp-Image-2024-11-14-at-11.09.06-1280x170.jpeg"},"churchwp_about_600x600":{"width":600,"height":600,"mime-type":"image\/jpeg","filesize":74441,"url":"https:\/\/comunhaoespirita.org.br\/portal\/wp-content\/uploads\/2021\/07\/WhatsApp-Image-2024-11-14-at-11.09.06-600x600.jpeg"},"churchwp_testimonials02_250x530":{"width":250,"height":300,"mime-type":"image\/jpeg","filesize":19535,"url":"https:\/\/comunhaoespirita.org.br\/portal\/wp-content\/uploads\/2021\/07\/WhatsApp-Image-2024-11-14-at-11.09.06-250x300.jpeg"}}},"all_day":false,"start_date":"2026-04-02 17:30:00","start_date_details":{"year":"2026","month":"04","day":"02","hour":"17","minutes":"30","seconds":"00"},"end_date":"2026-04-02 18:00:00","end_date_details":{"year":"2026","month":"04","day":"02","hour":"18","minutes":"00","seconds":"00"},"utc_start_date":"2026-04-02 20:30:00","utc_start_date_details":{"year":"2026","month":"04","day":"02","hour":"20","minutes":"30","seconds":"00"},"utc_end_date":"2026-04-02 21:00:00","utc_end_date_details":{"year":"2026","month":"04","day":"02","hour":"21","minutes":"00","seconds":"00"},"timezone":"America\/Sao_Paulo","timezone_abbr":"-03","cost":"","cost_details":{"currency_symbol":"R$","currency_code":"USD","currency_position":"prefix","values":[]},"website":"","show_map":true,"show_map_link":true,"hide_from_listings":false,"sticky":false,"featured":false,"categories":[{"name":"Grupo de Irradia\u00e7\u00e3o Francisco de Assis","slug":"grupo-de-irradiacao-francisco-de-assis","term_group":0,"term_taxonomy_id":80,"taxonomy":"tribe_events_cat","description":"","parent":0,"count":62,"filter":"raw","id":80,"urls":{"self":"https:\/\/comunhaoespirita.org.br\/portal\/wp-json\/tribe\/events\/v1\/categories\/80","collection":"https:\/\/comunhaoespirita.org.br\/portal\/wp-json\/tribe\/events\/v1\/categories"}}],"tags":[],"venue":[],"organizer":[],"custom_fields":[],"json_ld":{"@context":"http:\/\/schema.org","@type":"Event","name":"Grupo de Irradia\u00e7\u00e3o Francisco de Assis","description":"&lt;p&gt;A Comunh\u00e3o Esp\u00edrita realiza, de segunda a domingo, a prece de irradia\u00e7\u00e3o do Grupo Francisco de Assis. Nesta prece, vibra\u00e7\u00f5es superiores s\u00e3o enviadas a todos os necessitados do planeta, sempre [&hellip;]&lt;\/p&gt;\\n","image":"https:\/\/comunhaoespirita.org.br\/portal\/wp-content\/uploads\/2021\/07\/WhatsApp-Image-2024-11-14-at-11.09.06.jpeg","url":"https:\/\/comunhaoespirita.org.br\/portal\/palestra-ou-evento\/grupo-de-irradiacao-francisco-de-assis-48\/","eventAttendanceMode":"https:\/\/schema.org\/OfflineEventAttendanceMode","eventStatus":"https:\/\/schema.org\/EventScheduled","startDate":"2026-04-02T17:30:00-03:00","endDate":"2026-04-02T18:00:00-03:00","performer":"Organization"}}