{"id":12488,"global_id":"comunhaoespirita.org.br\/portal?id=12488","global_id_lineage":["comunhaoespirita.org.br\/portal?id=12488"],"author":"10","status":"publish","date":"2022-02-25 15:39:43","date_utc":"2022-02-25 18:39:43","modified":"2026-03-13 16:07:47","modified_utc":"2026-03-13 19:07:47","url":"https:\/\/comunhaoespirita.org.br\/portal\/palestra-ou-evento\/palestra-tema-a-definir-9\/","rest_url":"https:\/\/comunhaoespirita.org.br\/portal\/wp-json\/tribe\/events\/v1\/events\/12488","title":"Palestra | O Trabalho como Instrumento de Evolu\u00e7\u00e3o","description":"<p>Palestrante: M\u00e1rcia Sirotheau<br \/>\nDirigente: Ruth Daia<\/p>\n<p>#comunhao #comunhaoespirita #comunhaoespiritadebrasilia #palestraespirita<\/p>","excerpt":"","slug":"palestra-tema-a-definir-9","image":{"url":"https:\/\/comunhaoespirita.org.br\/portal\/wp-content\/uploads\/2025\/04\/THUMB.png","id":27117,"extension":"png","width":1920,"height":1080,"filesize":1190080,"sizes":{"medium":{"width":300,"height":169,"mime-type":"image\/png","filesize":53246,"url":"https:\/\/comunhaoespirita.org.br\/portal\/wp-content\/uploads\/2025\/04\/THUMB-300x169.png"},"large":{"width":1024,"height":576,"mime-type":"image\/png","filesize":353698,"url":"https:\/\/comunhaoespirita.org.br\/portal\/wp-content\/uploads\/2025\/04\/THUMB-1024x576.png"},"thumbnail":{"width":150,"height":150,"mime-type":"image\/png","filesize":27851,"url":"https:\/\/comunhaoespirita.org.br\/portal\/wp-content\/uploads\/2025\/04\/THUMB-150x150.png"},"medium_large":{"width":768,"height":432,"mime-type":"image\/png","filesize":226791,"url":"https:\/\/comunhaoespirita.org.br\/portal\/wp-content\/uploads\/2025\/04\/THUMB-768x432.png"},"1536x1536":{"width":1536,"height":864,"mime-type":"image\/png","filesize":672555,"url":"https:\/\/comunhaoespirita.org.br\/portal\/wp-content\/uploads\/2025\/04\/THUMB-1536x864.png"},"churchwp_related_post_pic700x400":{"width":700,"height":400,"mime-type":"image\/png","filesize":198528,"url":"https:\/\/comunhaoespirita.org.br\/portal\/wp-content\/uploads\/2025\/04\/THUMB-700x400.png"},"churchwp_post_pic700x450":{"width":700,"height":450,"mime-type":"image\/png","filesize":210615,"url":"https:\/\/comunhaoespirita.org.br\/portal\/wp-content\/uploads\/2025\/04\/THUMB-700x450.png"},"churchwp_post_widget_pic70x70":{"width":70,"height":70,"mime-type":"image\/png","filesize":8392,"url":"https:\/\/comunhaoespirita.org.br\/portal\/wp-content\/uploads\/2025\/04\/THUMB-70x70.png"},"churchwp_530x600":{"width":530,"height":600,"mime-type":"image\/png","filesize":209403,"url":"https:\/\/comunhaoespirita.org.br\/portal\/wp-content\/uploads\/2025\/04\/THUMB-530x600.png"},"churchwp_1150x600":{"width":1150,"height":600,"mime-type":"image\/png","filesize":401700,"url":"https:\/\/comunhaoespirita.org.br\/portal\/wp-content\/uploads\/2025\/04\/THUMB-1150x600.png"},"churchwp_1420x140":{"width":1420,"height":140,"mime-type":"image\/png","filesize":81409,"url":"https:\/\/comunhaoespirita.org.br\/portal\/wp-content\/uploads\/2025\/04\/THUMB-1420x140.png"},"churchwp_testimonials_150x150":{"width":150,"height":150,"mime-type":"image\/png","filesize":27851,"url":"https:\/\/comunhaoespirita.org.br\/portal\/wp-content\/uploads\/2025\/04\/THUMB-150x150.png"},"churchwp_clients_160x90":{"width":160,"height":90,"mime-type":"image\/png","filesize":19647,"url":"https:\/\/comunhaoespirita.org.br\/portal\/wp-content\/uploads\/2025\/04\/THUMB-160x90.png"},"churchwp_portfolio01_390x275":{"width":390,"height":275,"mime-type":"image\/png","filesize":93306,"url":"https:\/\/comunhaoespirita.org.br\/portal\/wp-content\/uploads\/2025\/04\/THUMB-390x275.png"},"churchwp_blogpost01_1420x170":{"width":1420,"height":170,"mime-type":"image\/png","filesize":102779,"url":"https:\/\/comunhaoespirita.org.br\/portal\/wp-content\/uploads\/2025\/04\/THUMB-1420x170.png"},"churchwp_about_600x600":{"width":600,"height":600,"mime-type":"image\/png","filesize":234701,"url":"https:\/\/comunhaoespirita.org.br\/portal\/wp-content\/uploads\/2025\/04\/THUMB-600x600.png"},"churchwp_testimonials02_250x530":{"width":250,"height":300,"mime-type":"image\/png","filesize":69278,"url":"https:\/\/comunhaoespirita.org.br\/portal\/wp-content\/uploads\/2025\/04\/THUMB-250x300.png"}}},"all_day":false,"start_date":"2026-03-04 18:00:00","start_date_details":{"year":"2026","month":"03","day":"04","hour":"18","minutes":"00","seconds":"00"},"end_date":"2026-03-04 18:30:00","end_date_details":{"year":"2026","month":"03","day":"04","hour":"18","minutes":"30","seconds":"00"},"utc_start_date":"2026-03-04 21:00:00","utc_start_date_details":{"year":"2026","month":"03","day":"04","hour":"21","minutes":"00","seconds":"00"},"utc_end_date":"2026-03-04 21:30:00","utc_end_date_details":{"year":"2026","month":"03","day":"04","hour":"21","minutes":"30","seconds":"00"},"timezone":"America\/Sao_Paulo","timezone_abbr":"-03","cost":"","cost_details":{"currency_symbol":"R$","currency_code":"USD\t\t\t\t\t\t\tclass=","currency_position":"prefix","values":[]},"website":"","show_map":true,"show_map_link":true,"hide_from_listings":false,"sticky":false,"featured":false,"categories":[{"name":"Palestras","slug":"palestras","term_group":0,"term_taxonomy_id":73,"taxonomy":"tribe_events_cat","description":"","parent":0,"count":218,"filter":"raw","id":73,"urls":{"self":"https:\/\/comunhaoespirita.org.br\/portal\/wp-json\/tribe\/events\/v1\/categories\/73","collection":"https:\/\/comunhaoespirita.org.br\/portal\/wp-json\/tribe\/events\/v1\/categories"}}],"tags":[],"venue":{"id":8117,"author":"2","status":"publish","date":"2021-06-25 13:44:02","date_utc":"2021-06-25 16:44:02","modified":"2021-07-01 14:14:03","modified_utc":"2021-07-01 17:14:03","url":"https:\/\/comunhaoespirita.org.br\/portal\/local\/auditorio-bezerra-de-menezes\/","venue":"Evento Presencial &#8211; Audit\u00f3rio Bezerra de Menezes e Youtube da Comunh\u00e3o","description":"<p>Capacidade:<\/p>\n<p>Capacidade durante a Pandemia:<\/p>","slug":"auditorio-bezerra-de-menezes","address":"Avenida L 2 Sul, Quadra 604 Conjunto E, SGAS, Asa Sul Bras\u00edlia-DF","city":"Bras\u00edlia","country":"Brasil","province":"DF","zip":"70200640","phone":"61 3048-1801","website":"www.comunhaoespirita.org.br","stateprovince":"DF","json_ld":{"@type":"Place","name":"Evento Presencial &#8211; Audit\u00f3rio Bezerra de Menezes e Youtube da Comunh\u00e3o","description":"&lt;p&gt;Capacidade: Capacidade durante a Pandemia:&lt;\/p&gt;\\n","url":"","address":{"@type":"PostalAddress","streetAddress":"Avenida L 2 Sul, Quadra 604 Conjunto E, SGAS, Asa Sul Bras\u00edlia-DF","addressLocality":"Bras\u00edlia","addressRegion":"DF","postalCode":"70200640","addressCountry":"Brasil"},"telephone":"61 3048-1801","sameAs":"www.comunhaoespirita.org.br"},"show_map":true,"show_map_link":true,"global_id":"comunhaoespirita.org.br\/portal?id=8117","global_id_lineage":["comunhaoespirita.org.br\/portal?id=8117"]},"organizer":[],"custom_fields":[],"json_ld":{"@context":"http:\/\/schema.org","@type":"Event","name":"Palestra | O Trabalho como Instrumento de Evolu\u00e7\u00e3o","description":"&lt;p&gt;Palestrante: M\u00e1rcia Sirotheau Dirigente: Ruth Daia #comunhao #comunhaoespirita #comunhaoespiritadebrasilia #palestraespirita&lt;\/p&gt;\\n","image":"https:\/\/comunhaoespirita.org.br\/portal\/wp-content\/uploads\/2025\/04\/THUMB.png","url":"https:\/\/comunhaoespirita.org.br\/portal\/palestra-ou-evento\/palestra-tema-a-definir-9\/","eventAttendanceMode":"https:\/\/schema.org\/OfflineEventAttendanceMode","eventStatus":"https:\/\/schema.org\/EventScheduled","startDate":"2026-03-04T18:00:00-03:00","endDate":"2026-03-04T18:30:00-03:00","location":{"@type":"Place","name":"Evento Presencial &#8211; Audit\u00f3rio Bezerra de Menezes e Youtube da Comunh\u00e3o","description":"&lt;p&gt;Capacidade: Capacidade durante a Pandemia:&lt;\/p&gt;\\n","url":"","address":{"@type":"PostalAddress","streetAddress":"Avenida L 2 Sul, Quadra 604 Conjunto E, SGAS, Asa Sul Bras\u00edlia-DF","addressLocality":"Bras\u00edlia","addressRegion":"DF","postalCode":"70200640","addressCountry":"Brasil"},"telephone":"61 3048-1801","sameAs":"www.comunhaoespirita.org.br"},"performer":"Organization"}}